{"id":51508,"date":"2024-10-24T15:42:08","date_gmt":"2024-10-24T15:42:08","guid":{"rendered":"https:\/\/tvbrazilusa.com\/2024\/10\/24\/pgr-quer-a-condenacao-de-reu-do-8-de-janeiro-que-foi-preso-por-erro-de-moraes-paulo-figueiredo\/"},"modified":"2024-10-24T16:00:29","modified_gmt":"2024-10-24T16:00:29","slug":"pgr-quer-a-condenacao-de-reu-do-8-de-janeiro-que-foi-preso-por-erro-de-moraes-paulo-figueiredo","status":"publish","type":"post","link":"https:\/\/tvbrazilusa.com\/pt\/2024\/10\/24\/pgr-quer-a-condenacao-de-reu-do-8-de-janeiro-que-foi-preso-por-erro-de-moraes-paulo-figueiredo\/","title":{"rendered":"PGR quer a condena\u00e7\u00e3o de r\u00e9u do 8 de janeiro que foi preso por erro de Moraes &#8211; Paulo Figueiredo"},"content":{"rendered":"<p> <script async src=\"https:\/\/pagead2.googlesyndication.com\/pagead\/js\/adsbygoogle.js?client=ca-pub-8864793242727901\"\r\n     crossorigin=\"anonymous\"><\/script><br \/>\n<\/p>\n<div id=\"wtr-content\" data-bg=\"#FFFFFF\" data-fg=\"#006d91\" data-width=\"25\" data-mute=\"1\" data-fgopacity=\"1.00\" data-mutedopacity=\"0.5\" data-placement=\"bottom\" data-placement-offset=\"0\" data-content-offset=\"262\" data-placement-touch=\"bottom\" data-placement-offset-touch=\"0\" data-transparent=\"\" data-shadow=\"0\" data-touch=\"1\" data-non-touch=\"1\" data-comments=\"0\" data-commentsbg=\"transparent\" data-location=\"page\" data-mutedfg=\"#006d91\" data-endfg=\"#006d91\" data-rtl=\"\">\n<h3 class=\"wp-block-heading\">Ministro reconheceu equ\u00edvoco ao mandar soltar o homem<\/h3>\n<p>Na ter\u00e7a-feira 22, a\u00a0<strong>Procuradoria-Geral da Rep\u00fablica (PGR)<\/strong>\u00a0pediu a condena\u00e7\u00e3o de Kelson Lima, preso durante o 8 de janeiro.<\/p>\n<p>Em setembro,\u00a0<strong>o ministro Alexandre de Moraes, do Supremo Tribunal Federal (STF), mandou soltar Lima depois de reconhecer um erro que cometeu ao mandar prender o homem novamente.<\/strong><\/p>\n<p>Conforme a PGR, \u201cos elementos de informa\u00e7\u00e3o obtidos na fase inquisitiva e as provas produzidas durante a instru\u00e7\u00e3o processual comprovaram a materialidade e a autoria delitivas nos autos\u201d.<\/p>\n<p>\u201cA PGR requer, portanto, que a a\u00e7\u00e3o seja julgada integralmente procedente para condenar o r\u00e9u pelas condutas penais de associa\u00e7\u00e3o criminosa (art. 288, caput, do CP) e incita\u00e7\u00e3o ao crime, na forma equiparada pela animosidade das For\u00e7as Armadas contra os Poderes Constitucionais (art. 286, par\u00e1grafo \u00fanico, do CP), nos termos do art. 69, caput, do CP (concurso material)\u201d, argumentou a PGR.<\/p>\n<h3 class=\"wp-block-heading\">Quem \u00e9 o preso do 8 de janeiro<\/h3>\n<p>Lima ficou preso na Papuda at\u00e9 mar\u00e7o. Ap\u00f3s a soltura, teve de usar tornozeleira eletr\u00f4nica e apresentar-se semanalmente a um juiz, na cidade de Jundia\u00ed (SP). A PGR o denunciou por associa\u00e7\u00e3o criminosa e incita\u00e7\u00e3o ao crime.<\/p>\n<div class=\"wp-block-image\">\n<figure class=\"aligncenter size-large\"><\/figure>\n<\/div>\n<p>Em agosto do ano passado, Moraes acolheu um pedido da Defensoria P\u00fablica paulista e autorizou a mudan\u00e7a de Lima para Massap\u00ea (CE).<\/p>\n<p>De acordo com a defesa, Lima frequentou o acampamento em frente ao Quartel-General do Ex\u00e9rcito em Bras\u00edlia porque estava em situa\u00e7\u00e3o de rua e procurava comida e abrigo. O homem tem transtornos psiqui\u00e1tricos.<\/p>\n<p><strong><a href=\"https:\/\/revistaoeste.com\/no-ponto\/pgr-quer-a-condenacao-de-reu-do-8-de-janeiro-que-foi-preso-por-erro-de-alexandre-de-moraes\/\">Source link<\/a><\/strong><\/p>\n<\/div>\n<p><br \/>\n<br \/><a href=\"https:\/\/paulofigueiredoshow.com\/pgr-quer-a-condenacao-de-reu-do-8-de-janeiro-que-foi-preso-por-erro-de-moraes\/\">Source link <\/a><\/p>","protected":false},"excerpt":{"rendered":"<p>Ministro reconheceu equ\u00edvoco ao mandar soltar o homem Na ter\u00e7a-feira 22, a\u00a0Procuradoria-Geral da Rep\u00fablica (PGR)\u00a0pediu a condena\u00e7\u00e3o de Kelson Lima, preso durante o 8 de janeiro. Em setembro,\u00a0o ministro Alexandre&hellip;<\/p>","protected":false},"author":1,"featured_media":51509,"comment_status":"closed","ping_status":"open","sticky":false,"template":"","format":"standard","meta":{"content-type":"","footnotes":""},"categories":[16],"tags":[1469,1828,5957,1474,425,6621,699,93,701,871,8009],"class_list":["post-51508","post","type-post","status-publish","format-standard","has-post-thumbnail","hentry","category-noticias","tag-8-1","tag-erro","tag-gonet","tag-manifestante","tag-moraes","tag-perseguicao","tag-pgr","tag-politica","tag-prisao","tag-stf","tag-tornozeleira"],"_links":{"self":[{"href":"https:\/\/tvbrazilusa.com\/pt\/wp-json\/wp\/v2\/posts\/51508","targetHints":{"allow":["GET"]}}],"collection":[{"href":"https:\/\/tvbrazilusa.com\/pt\/wp-json\/wp\/v2\/posts"}],"about":[{"href":"https:\/\/tvbrazilusa.com\/pt\/wp-json\/wp\/v2\/types\/post"}],"author":[{"embeddable":true,"href":"https:\/\/tvbrazilusa.com\/pt\/wp-json\/wp\/v2\/users\/1"}],"replies":[{"embeddable":true,"href":"https:\/\/tvbrazilusa.com\/pt\/wp-json\/wp\/v2\/comments?post=51508"}],"version-history":[{"count":1,"href":"https:\/\/tvbrazilusa.com\/pt\/wp-json\/wp\/v2\/posts\/51508\/revisions"}],"predecessor-version":[{"id":51510,"href":"https:\/\/tvbrazilusa.com\/pt\/wp-json\/wp\/v2\/posts\/51508\/revisions\/51510"}],"wp:featuredmedia":[{"embeddable":true,"href":"https:\/\/tvbrazilusa.com\/pt\/wp-json\/wp\/v2\/media\/51509"}],"wp:attachment":[{"href":"https:\/\/tvbrazilusa.com\/pt\/wp-json\/wp\/v2\/media?parent=51508"}],"wp:term":[{"taxonomy":"category","embeddable":true,"href":"https:\/\/tvbrazilusa.com\/pt\/wp-json\/wp\/v2\/categories?post=51508"},{"taxonomy":"post_tag","embeddable":true,"href":"https:\/\/tvbrazilusa.com\/pt\/wp-json\/wp\/v2\/tags?post=51508"}],"curies":[{"name":"wp","href":"https:\/\/api.w.org\/{rel}","templated":true}]}}