{"id":51513,"date":"2024-10-24T16:17:18","date_gmt":"2024-10-24T16:17:18","guid":{"rendered":"https:\/\/tvbrazilusa.com\/2024\/10\/24\/policia-prende-quatro-por-racismo-contra-vinicius-jr\/"},"modified":"2024-10-24T16:17:20","modified_gmt":"2024-10-24T16:17:20","slug":"policia-prende-quatro-por-racismo-contra-vinicius-jr","status":"publish","type":"post","link":"https:\/\/tvbrazilusa.com\/pt\/2024\/10\/24\/policia-prende-quatro-por-racismo-contra-vinicius-jr\/","title":{"rendered":"Pol\u00edcia prende quatro por racismo contra Vinicius Jr"},"content":{"rendered":"<p> <script async src=\"https:\/\/pagead2.googlesyndication.com\/pagead\/js\/adsbygoogle.js?client=ca-pub-8864793242727901\"\r\n     crossorigin=\"anonymous\"><\/script><br \/>\n<\/p>\n<div>\n<figure class=\"post-image\">\n<\/figure>\n<p><span style=\"font-size: 12px\">Foto: Reprodu\u00e7\u00e3o: Instagram\/vinijr<\/span><\/p>\n<div id=\"taboola-read-more\" style=\"display:block; width:100%\">\n<p>A pol\u00edcia espanhola confirmou nesta quinta-feira (24), que prendeu quatro torcedores do Atl\u00e9tico de Madrid acusados de cometer racismo contra o jogador do Real Madrid, o brasileiro Vin\u00edcius J\u00fanior.\n<\/p>\n<div id=\"mid2\" class=\"custom__ad__element\" data-google-query-id=\"CMvTobmNp4kDFT9cuAQdLcIR1g\">Eles foram acusados pelo crime de \u00f3dio contra o atleta antes do d\u00e9rbi, que aconteceu no dia 29 de setembro, em La Liga, um empate em 1 a 1.<\/p>\n<p>Segundo as autoridades, \u201cOs 4 principais respons\u00e1veis \u200b\u200bpor uma campanha de \u00f3dio contra um jogador de futebol foram presos.A investiga\u00e7\u00e3o come\u00e7ou na sequ\u00eancia de 3 den\u00fancias apresentadas por La Liga. Eles incitaram torcedores atrav\u00e9s das redes sociais para virem ao est\u00e1dio proferir insultos com conota\u00e7\u00f5es racistas\u201d, explica comunicado da pol\u00edcia no X, o antigo Twitter.<\/p>\n<blockquote class=\"twitter-tweet\" data-media-max-width=\"560\">\n<p dir=\"ltr\" lang=\"es\">\ud83d\udea9Detenidos los 4 principales responsables de una campa\u00f1a de odio contra un jugador de <a href=\"https:\/\/twitter.com\/hashtag\/f%C3%BAtbol?src=hash&#038;ref_src=twsrc%5Etfw\">#f\u00fatbol<\/a><\/p>\n<p>La investigaci\u00f3n se inici\u00f3 a ra\u00edz de 3 denuncias interpuestas por parte de <a href=\"https:\/\/twitter.com\/LaLiga?ref_src=twsrc%5Etfw\">@LaLiga<\/a> <\/p>\n<p>Incitaban a los aficionados a trav\u00e9s de las <a href=\"https:\/\/twitter.com\/hashtag\/RRSS?src=hash&#038;ref_src=twsrc%5Etfw\">#RRSS<\/a> para que asistiesen al estadio a proferir\u2026 <a href=\"https:\/\/t.co\/ZhjHDApnyu\">pic.twitter.com\/ZhjHDApnyu<\/a><br \/>\n\u2014 Polic\u00eda Nacional (@policia) <a href=\"https:\/\/twitter.com\/policia\/status\/1849364697344028689?ref_src=twsrc%5Etfw\">October 24, 2024<\/a><\/p>\n<\/blockquote>\n<\/div>\n<p>Os presos n\u00e3o foram identificados. Eles tem entre 25 e 26 anos e foram presos entre os dias 14 e 15 de outubro, mas a divulga\u00e7\u00e3o das deten\u00e7\u00f5es foi feita dias depois.\n<\/p>\n<p>A liga espanhola havia informado, antes do jogo, que pediria a pris\u00e3o de acusados de racismo durante o jogo.\n<\/p>\n<p>Dias antes do d\u00e9rbi, torcedores promoveram uma campanha com est\u00edmulo do uso de m\u00e1scaras no est\u00e1dio para evitar a identifica\u00e7\u00e3o de acusados pelas autoridades.\n<\/p>\n<p>Enrique Cerezo, presidente do Atl\u00e9tico de Madrid, negou que a torcida seja racista.\n<\/p>\n<p><strong>Casos e mais casos contra Vini<\/strong><br \/>Durante a semana que antecedeu o cl\u00e1ssico, torcedores do Atl\u00e9tico organizaram uma campanha na internet para o uso de m\u00e1scaras no est\u00e1dio com a finalidade de insultar o jogador brasileiro e dificultar a identifica\u00e7\u00e3o dos respons\u00e1veis.\n<\/p>\n<p>A justi\u00e7a espanhola e os representantes do futebol local tem condenado os respons\u00e1veis por ataques racistas contra jogadores em jogos de futebol.\n<\/p>\n<p>Em janeiro de 2023, um boneco enforcado e representando Vini Jr foi pendurado em uma ponte por torcedores do Atl\u00e9tico.\n<\/p>\n<p>Fonte: CNN Brasil\n<\/p>\n<\/div><\/div>\n<p><script async src=\"\/\/platform.twitter.com\/widgets.js\" charset=\"utf-8\"><\/script><br \/>\n<br \/><br \/>\n<br \/><a href=\"https:\/\/diariodobrasilnoticias.com.br\/noticia\/policia-prende-quatro-por-racismo-contra-vinicius-jr-671a49d9b4b1d\">Source link <\/a><\/p>","protected":false},"excerpt":{"rendered":"<p>Foto: Reprodu\u00e7\u00e3o: Instagram\/vinijr A pol\u00edcia espanhola confirmou nesta quinta-feira (24), que prendeu quatro torcedores do Atl\u00e9tico de Madrid acusados de cometer racismo contra o jogador do Real Madrid, o brasileiro&hellip;<\/p>","protected":false},"author":1,"featured_media":51514,"comment_status":"closed","ping_status":"open","sticky":false,"template":"","format":"standard","meta":{"content-type":"","footnotes":""},"categories":[16],"tags":[123,2448,5313,1267],"class_list":["post-51513","post","type-post","status-publish","format-standard","has-post-thumbnail","hentry","category-noticias","tag-brasil","tag-diario","tag-noticia","tag-noticias"],"_links":{"self":[{"href":"https:\/\/tvbrazilusa.com\/pt\/wp-json\/wp\/v2\/posts\/51513","targetHints":{"allow":["GET"]}}],"collection":[{"href":"https:\/\/tvbrazilusa.com\/pt\/wp-json\/wp\/v2\/posts"}],"about":[{"href":"https:\/\/tvbrazilusa.com\/pt\/wp-json\/wp\/v2\/types\/post"}],"author":[{"embeddable":true,"href":"https:\/\/tvbrazilusa.com\/pt\/wp-json\/wp\/v2\/users\/1"}],"replies":[{"embeddable":true,"href":"https:\/\/tvbrazilusa.com\/pt\/wp-json\/wp\/v2\/comments?post=51513"}],"version-history":[{"count":1,"href":"https:\/\/tvbrazilusa.com\/pt\/wp-json\/wp\/v2\/posts\/51513\/revisions"}],"predecessor-version":[{"id":51515,"href":"https:\/\/tvbrazilusa.com\/pt\/wp-json\/wp\/v2\/posts\/51513\/revisions\/51515"}],"wp:featuredmedia":[{"embeddable":true,"href":"https:\/\/tvbrazilusa.com\/pt\/wp-json\/wp\/v2\/media\/51514"}],"wp:attachment":[{"href":"https:\/\/tvbrazilusa.com\/pt\/wp-json\/wp\/v2\/media?parent=51513"}],"wp:term":[{"taxonomy":"category","embeddable":true,"href":"https:\/\/tvbrazilusa.com\/pt\/wp-json\/wp\/v2\/categories?post=51513"},{"taxonomy":"post_tag","embeddable":true,"href":"https:\/\/tvbrazilusa.com\/pt\/wp-json\/wp\/v2\/tags?post=51513"}],"curies":[{"name":"wp","href":"https:\/\/api.w.org\/{rel}","templated":true}]}}