{"id":51656,"date":"2024-10-24T23:19:26","date_gmt":"2024-10-24T23:19:26","guid":{"rendered":"https:\/\/tvbrazilusa.com\/2024\/10\/24\/avon-encerra-contrato-com-jojo-todynho-e-se-torna-alvo-de-um-boicote\/"},"modified":"2024-10-24T23:19:27","modified_gmt":"2024-10-24T23:19:27","slug":"avon-encerra-contrato-com-jojo-todynho-e-se-torna-alvo-de-um-boicote","status":"publish","type":"post","link":"https:\/\/tvbrazilusa.com\/pt\/2024\/10\/24\/avon-encerra-contrato-com-jojo-todynho-e-se-torna-alvo-de-um-boicote\/","title":{"rendered":"Avon encerra contrato com Jojo Todynho e se torna alvo de um boicote"},"content":{"rendered":"<p> <script async src=\"https:\/\/pagead2.googlesyndication.com\/pagead\/js\/adsbygoogle.js?client=ca-pub-8864793242727901\"\r\n     crossorigin=\"anonymous\"><\/script><br \/>\n<\/p>\n<div id=\"taboola-read-more\" style=\"display:block; width:100%\">\n<p>A Avon pode ser alvo de uma nova campanha de cancelamento por parte dos consumidores conservadores que protestam, nas redes sociais, pelo fato da gigante de cosm\u00e9ticos ter desistido do contrato com Jojo Todynho.\n<\/p>\n<p>A artista tem perdido contratos de publicidade milion\u00e1rios por se assumir \u201cpreta de direita\u201d, gerando revolta no p\u00fablico LGBTQ+.<\/p>\n<p>Desde a pol\u00eamica, Jojo n\u00e3o fez mais parcerias com a Avon, como comentou o colunista Gabriel Perline, da Contigo! Al\u00e9m de n\u00e3o ter mais imagens e v\u00eddeos vinculados aos produtos da marca, a cantora tamb\u00e9m n\u00e3o apareceu mais nos eventos de beleza da Avon.\n<\/p>\n<p>Na rede social X, internautas levantaram a hashtag \u201cBoicoteAvon\u201d que se tornou um dos assuntos mais comentados desta quinta-feira (24).\n<\/p>\n<p>\u2013 Avon t\u00e1 cancelando @jojotodynhoofc por ela se declarar de direita? Eita, @AvonBR quer ser marca s\u00f3 de esquerdista? N\u00e3o respeita a diversidade? Garanto que v\u00e3o perder dinheiro \u2013 escreveu um usu\u00e1rio do X.\n<\/p>\n<p>\u2013 Se a Jojo Todynho n\u00e3o serve para a Avon por ser de direita, a direita vai boicotar a Avon. #BoicoteAvon \u2013 disse outra usu\u00e1ria do microblog.\n<\/p>\n<p>Fonte: Pleno News              <\/p>\n<\/div>\n<p><br \/>\n<br \/><a href=\"https:\/\/diariodobrasilnoticias.com.br\/noticia\/avon-encerra-contrato-com-jojo-todynho-e-se-torna-alvo-de-um-boicote-671ab144dcbb6\">Source link <\/a><\/p>","protected":false},"excerpt":{"rendered":"<p>A Avon pode ser alvo de uma nova campanha de cancelamento por parte dos consumidores conservadores que protestam, nas redes sociais, pelo fato da gigante de cosm\u00e9ticos ter desistido do&hellip;<\/p>","protected":false},"author":1,"featured_media":51657,"comment_status":"closed","ping_status":"open","sticky":false,"template":"","format":"standard","meta":{"content-type":"","footnotes":""},"categories":[16],"tags":[123,2448,5313,1267],"class_list":["post-51656","post","type-post","status-publish","format-standard","has-post-thumbnail","hentry","category-noticias","tag-brasil","tag-diario","tag-noticia","tag-noticias"],"_links":{"self":[{"href":"https:\/\/tvbrazilusa.com\/pt\/wp-json\/wp\/v2\/posts\/51656","targetHints":{"allow":["GET"]}}],"collection":[{"href":"https:\/\/tvbrazilusa.com\/pt\/wp-json\/wp\/v2\/posts"}],"about":[{"href":"https:\/\/tvbrazilusa.com\/pt\/wp-json\/wp\/v2\/types\/post"}],"author":[{"embeddable":true,"href":"https:\/\/tvbrazilusa.com\/pt\/wp-json\/wp\/v2\/users\/1"}],"replies":[{"embeddable":true,"href":"https:\/\/tvbrazilusa.com\/pt\/wp-json\/wp\/v2\/comments?post=51656"}],"version-history":[{"count":1,"href":"https:\/\/tvbrazilusa.com\/pt\/wp-json\/wp\/v2\/posts\/51656\/revisions"}],"predecessor-version":[{"id":51658,"href":"https:\/\/tvbrazilusa.com\/pt\/wp-json\/wp\/v2\/posts\/51656\/revisions\/51658"}],"wp:featuredmedia":[{"embeddable":true,"href":"https:\/\/tvbrazilusa.com\/pt\/wp-json\/wp\/v2\/media\/51657"}],"wp:attachment":[{"href":"https:\/\/tvbrazilusa.com\/pt\/wp-json\/wp\/v2\/media?parent=51656"}],"wp:term":[{"taxonomy":"category","embeddable":true,"href":"https:\/\/tvbrazilusa.com\/pt\/wp-json\/wp\/v2\/categories?post=51656"},{"taxonomy":"post_tag","embeddable":true,"href":"https:\/\/tvbrazilusa.com\/pt\/wp-json\/wp\/v2\/tags?post=51656"}],"curies":[{"name":"wp","href":"https:\/\/api.w.org\/{rel}","templated":true}]}}