{"id":51659,"date":"2024-10-24T23:32:28","date_gmt":"2024-10-24T23:32:28","guid":{"rendered":"https:\/\/tvbrazilusa.com\/2024\/10\/24\/amante-de-matheus-goncalves-se-pronuncia-apos-pedido-pra-ela-tomar-anticoncepcional-veja-video\/"},"modified":"2024-10-24T23:32:30","modified_gmt":"2024-10-24T23:32:30","slug":"amante-de-matheus-goncalves-se-pronuncia-apos-pedido-pra-ela-tomar-anticoncepcional-veja-video","status":"publish","type":"post","link":"https:\/\/tvbrazilusa.com\/pt\/2024\/10\/24\/amante-de-matheus-goncalves-se-pronuncia-apos-pedido-pra-ela-tomar-anticoncepcional-veja-video\/","title":{"rendered":"Amante de Matheus Gon\u00e7alves se pronuncia ap\u00f3s pedido pra ela tomar anticoncepcional; VEJA V\u00cdDEO"},"content":{"rendered":"<p> <script async src=\"https:\/\/pagead2.googlesyndication.com\/pagead\/js\/adsbygoogle.js?client=ca-pub-8864793242727901\"\r\n     crossorigin=\"anonymous\"><\/script><br \/>\n<br \/>N\u00f3s n\u00e3o termos usado camisinha foi irresponsabilidade nossa<br \/>\n<br \/><br \/>\n<br \/><a href=\"https:\/\/diariodobrasilnoticias.com.br\/noticia\/amante-de-matheus-goncalves-se-pronuncia-apos-pedido-pra-ela-tomar-anticoncepcional-veja-video-671abe9d591ef\">Source link <\/a><\/p>","protected":false},"excerpt":{"rendered":"<p>N\u00f3s n\u00e3o termos usado camisinha foi irresponsabilidade nossa Source link<\/p>","protected":false},"author":1,"featured_media":51660,"comment_status":"closed","ping_status":"open","sticky":false,"template":"","format":"standard","meta":{"content-type":"","footnotes":""},"categories":[16],"tags":[123,2448,5313,1267],"class_list":["post-51659","post","type-post","status-publish","format-standard","has-post-thumbnail","hentry","category-noticias","tag-brasil","tag-diario","tag-noticia","tag-noticias"],"_links":{"self":[{"href":"https:\/\/tvbrazilusa.com\/pt\/wp-json\/wp\/v2\/posts\/51659","targetHints":{"allow":["GET"]}}],"collection":[{"href":"https:\/\/tvbrazilusa.com\/pt\/wp-json\/wp\/v2\/posts"}],"about":[{"href":"https:\/\/tvbrazilusa.com\/pt\/wp-json\/wp\/v2\/types\/post"}],"author":[{"embeddable":true,"href":"https:\/\/tvbrazilusa.com\/pt\/wp-json\/wp\/v2\/users\/1"}],"replies":[{"embeddable":true,"href":"https:\/\/tvbrazilusa.com\/pt\/wp-json\/wp\/v2\/comments?post=51659"}],"version-history":[{"count":1,"href":"https:\/\/tvbrazilusa.com\/pt\/wp-json\/wp\/v2\/posts\/51659\/revisions"}],"predecessor-version":[{"id":51661,"href":"https:\/\/tvbrazilusa.com\/pt\/wp-json\/wp\/v2\/posts\/51659\/revisions\/51661"}],"wp:featuredmedia":[{"embeddable":true,"href":"https:\/\/tvbrazilusa.com\/pt\/wp-json\/wp\/v2\/media\/51660"}],"wp:attachment":[{"href":"https:\/\/tvbrazilusa.com\/pt\/wp-json\/wp\/v2\/media?parent=51659"}],"wp:term":[{"taxonomy":"category","embeddable":true,"href":"https:\/\/tvbrazilusa.com\/pt\/wp-json\/wp\/v2\/categories?post=51659"},{"taxonomy":"post_tag","embeddable":true,"href":"https:\/\/tvbrazilusa.com\/pt\/wp-json\/wp\/v2\/tags?post=51659"}],"curies":[{"name":"wp","href":"https:\/\/api.w.org\/{rel}","templated":true}]}}