{"id":51676,"date":"2024-10-25T00:43:37","date_gmt":"2024-10-25T00:43:37","guid":{"rendered":"https:\/\/tvbrazilusa.com\/2024\/10\/25\/aerolula-continua-parado-e-sem-conserto-no-mexico\/"},"modified":"2024-10-25T00:43:38","modified_gmt":"2024-10-25T00:43:38","slug":"aerolula-continua-parado-e-sem-conserto-no-mexico","status":"publish","type":"post","link":"https:\/\/tvbrazilusa.com\/pt\/2024\/10\/25\/aerolula-continua-parado-e-sem-conserto-no-mexico\/","title":{"rendered":"\u2018Aerolula\u2019 continua parado e sem conserto no M\u00e9xico"},"content":{"rendered":"<p> <script async src=\"https:\/\/pagead2.googlesyndication.com\/pagead\/js\/adsbygoogle.js?client=ca-pub-8864793242727901\"\r\n     crossorigin=\"anonymous\"><\/script><br \/>\n<\/p>\n<div id=\"taboola-read-more\" style=\"display:block; width:100%\">\n<p>O avi\u00e3o presidencial Airbus A319, mais conhecido como \u201cAerolula\u201d, continua parado e sem conserto desde que apresentou problema t\u00e9cnico, em 1\u00ba de outubro. A informa\u00e7\u00e3o foi dada pelo portal Gazeta do Povo e confirmada por Oeste por fonte.\n<\/p>\n<p>O \u201cAerolula\u201d est\u00e1 estacionado no Aeroporto Internacional Felipe \u00c1ngeles, na Cidade do M\u00e9xico. Procurada pela reportagem nesta quinta-feira, 24, a For\u00e7a A\u00e9rea Brasileira (FAB) n\u00e3o informou sobre o andamento do conserto do avi\u00e3o.<\/p>\n<p>A FAB esclareceu que uma equipe de investiga\u00e7\u00e3o do Centro de Investiga\u00e7\u00e3o e Preven\u00e7\u00e3o de Acidentes Aeron\u00e1uticos (Cenipa) esteve no M\u00e9xico para extra\u00e7\u00e3o e an\u00e1lise dos dados do voo em que a aeronave apresentou a pane.\n<\/p>\n<p>\u201cA investiga\u00e7\u00e3o da ocorr\u00eancia aeron\u00e1utica segue em andamento, e n\u00e3o h\u00e1 prazo para conclus\u00e3o, pois depende da complexidade de cada ocorr\u00eancia e, ainda, da necessidade de descobrir os poss\u00edveis fatores contribuintes\u201d, esclareceu a corpora\u00e7\u00e3o, por meio de nota.\n<\/p>\n<p>Pane no \u201cAerolula\u201d vira desculpa para compra de avi\u00f5es<br \/>Em 11 de outubro, durante entrevista \u00e0 R\u00e1dio CBN de Fortaleza, Lula anunciou que o contratempo com o \u201cAerolula\u201d fez com que fosse decidida uma aquisi\u00e7\u00e3o de aeronaves para o seu governo.\n<\/p>\n<p>O chefe de Estado disse ter pedido ao ministro da Defesa, Jos\u00e9 M\u00facio, que fosse feita uma proposta para a compra das aeronaves. No entanto, n\u00e3o especificou quantos avi\u00f5es devem ser cotados para compra.\n<\/p>\n<p>A compra das aeronaves deve ocorrer mesmo quando o governo federal amarga um d\u00e9ficit prim\u00e1rio de quase R$ 100 bilh\u00f5es em 2024, conforme dados divulgados pelo Tesouro Nacional no in\u00edcio deste m\u00eas.\n<\/p>\n<p>Esse d\u00e9ficit acumulado foi 9,1% menor do que o registrado entre janeiro e agosto de 2023, quando atingiu R$ 109,3 bilh\u00f5es. No entanto, em 12 meses, o saldo negativo somou R$ 227,52 bilh\u00f5es, o maior desde 2021.\n<\/p>\n<p>A situa\u00e7\u00e3o financeira do pa\u00eds n\u00e3o para por a\u00ed. A equipe econ\u00f4mica projeta um d\u00e9ficit de R$ 28,3 bilh\u00f5es para 2024, pr\u00f3ximo ao piso da meta de 0% do Produto Interno Bruto (PIB). Pela regra, a toler\u00e2ncia \u00e9 de at\u00e9 0,25% do PIB, o equivalente a R$ 28,8 bilh\u00f5es.\n<\/p>\n<p>Fonte: Revista Oeste              <\/p>\n<\/div>\n<p><br \/>\n<br \/><a href=\"https:\/\/diariodobrasilnoticias.com.br\/noticia\/-aerolula-continua-parado-e-sem-conserto-no-mexico-671ac2517a984\">Source link <\/a><\/p>","protected":false},"excerpt":{"rendered":"<p>O avi\u00e3o presidencial Airbus A319, mais conhecido como \u201cAerolula\u201d, continua parado e sem conserto desde que apresentou problema t\u00e9cnico, em 1\u00ba de outubro. A informa\u00e7\u00e3o foi dada pelo portal Gazeta&hellip;<\/p>","protected":false},"author":1,"featured_media":51677,"comment_status":"closed","ping_status":"open","sticky":false,"template":"","format":"standard","meta":{"content-type":"","footnotes":""},"categories":[16],"tags":[123,2448,5313,1267],"class_list":["post-51676","post","type-post","status-publish","format-standard","has-post-thumbnail","hentry","category-noticias","tag-brasil","tag-diario","tag-noticia","tag-noticias"],"_links":{"self":[{"href":"https:\/\/tvbrazilusa.com\/pt\/wp-json\/wp\/v2\/posts\/51676","targetHints":{"allow":["GET"]}}],"collection":[{"href":"https:\/\/tvbrazilusa.com\/pt\/wp-json\/wp\/v2\/posts"}],"about":[{"href":"https:\/\/tvbrazilusa.com\/pt\/wp-json\/wp\/v2\/types\/post"}],"author":[{"embeddable":true,"href":"https:\/\/tvbrazilusa.com\/pt\/wp-json\/wp\/v2\/users\/1"}],"replies":[{"embeddable":true,"href":"https:\/\/tvbrazilusa.com\/pt\/wp-json\/wp\/v2\/comments?post=51676"}],"version-history":[{"count":1,"href":"https:\/\/tvbrazilusa.com\/pt\/wp-json\/wp\/v2\/posts\/51676\/revisions"}],"predecessor-version":[{"id":51678,"href":"https:\/\/tvbrazilusa.com\/pt\/wp-json\/wp\/v2\/posts\/51676\/revisions\/51678"}],"wp:featuredmedia":[{"embeddable":true,"href":"https:\/\/tvbrazilusa.com\/pt\/wp-json\/wp\/v2\/media\/51677"}],"wp:attachment":[{"href":"https:\/\/tvbrazilusa.com\/pt\/wp-json\/wp\/v2\/media?parent=51676"}],"wp:term":[{"taxonomy":"category","embeddable":true,"href":"https:\/\/tvbrazilusa.com\/pt\/wp-json\/wp\/v2\/categories?post=51676"},{"taxonomy":"post_tag","embeddable":true,"href":"https:\/\/tvbrazilusa.com\/pt\/wp-json\/wp\/v2\/tags?post=51676"}],"curies":[{"name":"wp","href":"https:\/\/api.w.org\/{rel}","templated":true}]}}