{"id":51679,"date":"2024-10-25T00:46:46","date_gmt":"2024-10-25T00:46:46","guid":{"rendered":"https:\/\/tvbrazilusa.com\/2024\/10\/25\/lula-desiste-de-ir-a-sao-paulo-e-nao-votara-no-2o-turno-paulo-figueiredo\/"},"modified":"2024-10-25T00:57:32","modified_gmt":"2024-10-25T00:57:32","slug":"lula-desiste-de-ir-a-sao-paulo-e-nao-votara-no-2o-turno-paulo-figueiredo","status":"publish","type":"post","link":"https:\/\/tvbrazilusa.com\/pt\/2024\/10\/25\/lula-desiste-de-ir-a-sao-paulo-e-nao-votara-no-2o-turno-paulo-figueiredo\/","title":{"rendered":"Lula desiste de ir a S\u00e3o Paulo e n\u00e3o votar\u00e1 no 2\u00ba turno &#8211; Paulo Figueiredo"},"content":{"rendered":"<p> <script async src=\"https:\/\/pagead2.googlesyndication.com\/pagead\/js\/adsbygoogle.js?client=ca-pub-8864793242727901\"\r\n     crossorigin=\"anonymous\"><\/script><br \/>\n<\/p>\n<div id=\"wtr-content\" data-bg=\"#FFFFFF\" data-fg=\"#006d91\" data-width=\"25\" data-mute=\"1\" data-fgopacity=\"1.00\" data-mutedopacity=\"0.5\" data-placement=\"bottom\" data-placement-offset=\"0\" data-content-offset=\"262\" data-placement-touch=\"bottom\" data-placement-offset-touch=\"0\" data-transparent=\"\" data-shadow=\"0\" data-touch=\"1\" data-non-touch=\"1\" data-comments=\"0\" data-commentsbg=\"transparent\" data-location=\"page\" data-mutedfg=\"#006d91\" data-endfg=\"#006d91\" data-rtl=\"\">\n<h3 class=\"wp-block-heading\">De acordo com a Secom, presidente optou por ficar em Bras\u00edlia no fim de semana; petista participaria de atos com Boulos<\/h3>\n<p>O presidente\u00a0Luiz In\u00e1cio Lula da Silva\u00a0(PT) desistiu de ir para S\u00e3o Paulo no fim de semana, onde participaria de atos de campanha com\u00a0Guilherme Boulos\u00a0(Psol) no s\u00e1bado (26.out.2024). Tamb\u00e9m n\u00e3o ir\u00e1 a S\u00e3o Bernardo do Campo (SP) para votar\u00a0no 2\u00ba turno da elei\u00e7\u00e3o municipal\u00a0no domingo (27.out).<\/p>\n<p>De acordo com a Secom (Secretaria de Comunica\u00e7\u00e3o Social), o adiamento da viagem foi decis\u00e3o do presidente. Lula n\u00e3o \u00e9 obrigado a votar por ter 78 anos. O voto deixa de ser obrigat\u00f3rio para pessoas com mais de 70 anos, mas permanece como um direito fundamental.<\/p>\n<p>Lula se recupera de uma\u00a0pancada na cabe\u00e7a\u00a0depois de ter\u00a0ca\u00eddo em um banheiro do Pal\u00e1cio da Alvorada\u00a0no s\u00e1bado (19.out). O acidente dom\u00e9stico provocou o cancelamento da\u00a0viagem que o governante faria\u00a0nesta semana \u00e0 R\u00fassia para participar da 16\u00aa C\u00fapula do Brics. Lula\u00a0discursou\u00a0no encontro por videoconfer\u00eancia na 4\u00aa feira (23.out).<\/p>\n<p>Na 2\u00aa feira (21.out), o m\u00e9dico do presidente, Roberto Kalil Filho, disse ao\u00a0<strong>Poder360<\/strong>\u00a0que liberaria viagens curtas de avi\u00e3o a partir de 5\u00aa feira (24.out.2024) ou 6\u00aa feira (25.out.2024). At\u00e9 aquela data, o presidente n\u00e3o havia tido nenhum sintoma que indicasse algum agravamento nos 2 pontos em que teve hemorragia interna na cabe\u00e7a.<\/p>\n<p>Desde que sofreu a queda, Lula permaneceu trabalhando no Pal\u00e1cio da Alvorada, resid\u00eancia oficial da Presid\u00eancia. Realizou apenas reuni\u00f5es com ministros e assessores. Na 6\u00aa feira (25.out), voltar\u00e1 ao Pal\u00e1cio do Planalto para a cerim\u00f4nia em que assinar\u00e1 o acordo de repactua\u00e7\u00e3o pelos danos causados pelo rompimento da barragem de Mariana (MG).<\/p>\n<p>O petista realizar\u00e1 novos exames no in\u00edcio da manh\u00e3 de 6\u00aa feira. Ser\u00e1 a 3\u00aa vez que ir\u00e1 ao hospital S\u00edrio-Liban\u00eas, em Bras\u00edlia, para avaliar sua recupera\u00e7\u00e3o. Na \u00faltima 3\u00aa feira (22.out), fez uma resson\u00e2ncia magn\u00e9tica para ser se os co\u00e1gulos que se formaram em sua cabe\u00e7a diminu\u00edram.<\/p>\n<p>De acordo com o boletim m\u00e9dico divulgado pelo hospital, o exame de imagem mostrou que o quadro do presidente \u00e9 est\u00e1vel em compara\u00e7\u00e3o ao anterior, realizado no domingo (20.out). Os m\u00e9dicos que assinam o documento, Rafael Gadia, diretor de governan\u00e7a, e Luiza Dib, diretora cl\u00ednica, atestaram que o presidente estava apto a exercer sua rotina de trabalho.<\/p>\n<p><strong><a href=\"https:\/\/www.poder360.com.br\/poder-governo\/lula-desiste-de-ir-para-sao-paulo-e-nao-votara-no-2a-turno\/\">Source link<\/a><\/strong><\/p>\n<\/div>\n<p><br \/>\n<br \/><a href=\"https:\/\/paulofigueiredoshow.com\/lula-desiste-de-ir-a-sao-paulo-e-nao-votara-no-2o-turno\/\">Source link <\/a><\/p>","protected":false},"excerpt":{"rendered":"<p>De acordo com a Secom, presidente optou por ficar em Bras\u00edlia no fim de semana; petista participaria de atos com Boulos O presidente\u00a0Luiz In\u00e1cio Lula da Silva\u00a0(PT) desistiu de ir&hellip;<\/p>","protected":false},"author":1,"featured_media":7428,"comment_status":"closed","ping_status":"open","sticky":false,"template":"","format":"standard","meta":{"content-type":"","footnotes":""},"categories":[16],"tags":[3506,3071,89,7190,1954],"class_list":["post-51679","post","type-post","status-publish","format-standard","has-post-thumbnail","hentry","category-noticias","tag-cancela","tag-eleicao","tag-lula","tag-medico","tag-queda"],"_links":{"self":[{"href":"https:\/\/tvbrazilusa.com\/pt\/wp-json\/wp\/v2\/posts\/51679","targetHints":{"allow":["GET"]}}],"collection":[{"href":"https:\/\/tvbrazilusa.com\/pt\/wp-json\/wp\/v2\/posts"}],"about":[{"href":"https:\/\/tvbrazilusa.com\/pt\/wp-json\/wp\/v2\/types\/post"}],"author":[{"embeddable":true,"href":"https:\/\/tvbrazilusa.com\/pt\/wp-json\/wp\/v2\/users\/1"}],"replies":[{"embeddable":true,"href":"https:\/\/tvbrazilusa.com\/pt\/wp-json\/wp\/v2\/comments?post=51679"}],"version-history":[{"count":1,"href":"https:\/\/tvbrazilusa.com\/pt\/wp-json\/wp\/v2\/posts\/51679\/revisions"}],"predecessor-version":[{"id":51680,"href":"https:\/\/tvbrazilusa.com\/pt\/wp-json\/wp\/v2\/posts\/51679\/revisions\/51680"}],"wp:featuredmedia":[{"embeddable":true,"href":"https:\/\/tvbrazilusa.com\/pt\/wp-json\/wp\/v2\/media\/7428"}],"wp:attachment":[{"href":"https:\/\/tvbrazilusa.com\/pt\/wp-json\/wp\/v2\/media?parent=51679"}],"wp:term":[{"taxonomy":"category","embeddable":true,"href":"https:\/\/tvbrazilusa.com\/pt\/wp-json\/wp\/v2\/categories?post=51679"},{"taxonomy":"post_tag","embeddable":true,"href":"https:\/\/tvbrazilusa.com\/pt\/wp-json\/wp\/v2\/tags?post=51679"}],"curies":[{"name":"wp","href":"https:\/\/api.w.org\/{rel}","templated":true}]}}