{"id":51701,"date":"2024-10-25T01:44:16","date_gmt":"2024-10-25T01:44:16","guid":{"rendered":"https:\/\/tvbrazilusa.com\/2024\/10\/25\/deputado-aciona-pgr-e-pf-para-investigar-acidente-de-lula-no-alvorada-paulo-figueiredo\/"},"modified":"2024-10-25T02:32:29","modified_gmt":"2024-10-25T02:32:29","slug":"deputado-aciona-pgr-e-pf-para-investigar-acidente-de-lula-no-alvorada-paulo-figueiredo","status":"publish","type":"post","link":"https:\/\/tvbrazilusa.com\/pt\/2024\/10\/25\/deputado-aciona-pgr-e-pf-para-investigar-acidente-de-lula-no-alvorada-paulo-figueiredo\/","title":{"rendered":"Deputado aciona PGR e PF para investigar acidente de Lula no Alvorada &#8211; Paulo Figueiredo"},"content":{"rendered":"<p> <script async src=\"https:\/\/pagead2.googlesyndication.com\/pagead\/js\/adsbygoogle.js?client=ca-pub-8864793242727901\"\r\n     crossorigin=\"anonymous\"><\/script><br \/>\n<\/p>\n<div id=\"wtr-content\" data-bg=\"#FFFFFF\" data-fg=\"#006d91\" data-width=\"25\" data-mute=\"1\" data-fgopacity=\"1.00\" data-mutedopacity=\"0.5\" data-placement=\"bottom\" data-placement-offset=\"0\" data-content-offset=\"262\" data-placement-touch=\"bottom\" data-placement-offset-touch=\"0\" data-transparent=\"\" data-shadow=\"0\" data-touch=\"1\" data-non-touch=\"1\" data-comments=\"0\" data-commentsbg=\"transparent\" data-location=\"page\" data-mutedfg=\"#006d91\" data-endfg=\"#006d91\" data-rtl=\"\">\n<h3 class=\"wp-block-heading\">Leia mais sobre o deputado Evair de Melo ter acionado PGR e PF para investigar acidente de Lula no Pal\u00e1cio da Alvorada<\/h3>\n<p>O deputado federal Evair Vieira de Melo (PP-ES) apresentou \u00e0 C\u00e2mara dos Deputados, nesta quinta-feira, 24, dois requerimentos para investigar o acidente dom\u00e9stico do presidente\u00a0<strong>Lula<\/strong>. O petista sofreu uma queda no banheiro do Pal\u00e1cio da Alvorada, no s\u00e1bado passado, 19.\u00a0<\/p>\n<p>Os requerimentos solicitam a investiga\u00e7\u00e3o pela Procuradoria-Geral da Rep\u00fablica (PGR) e pela Pol\u00edcia Federal (PF). Segundo o parlamentar, a divulga\u00e7\u00e3o de \u201cinforma\u00e7\u00f5es divergentes\u201d sobre a queda de Lula \u201clevanta d\u00favidas quanto \u00e0 poss\u00edvel manipula\u00e7\u00e3o ou oculta\u00e7\u00e3o de informa\u00e7\u00f5es por parte da Presid\u00eancia da Rep\u00fablica ou de sua assessoria\u201d.\u00a0<\/p>\n<p>\u201cA primeira vers\u00e3o do governo informou que o presidente escorregou, por\u00e9m, surgiram relatos divergentes sobre o ocorrido, incluindo a vers\u00e3o de que um dos p\u00e9s de um banco teria quebrado, levando \u00e0 queda\u201d, relatou Evair de Melo.<\/p>\n<p>Depois do acidente, o presidente foi levado ao Hospital S\u00edrio-Liban\u00eas de Bras\u00edlia, onde recebeu atendimento m\u00e9dico. Lula passou por exames e precisou levar cinco pontos no local do ferimento. O acidente impediu que o petista viajasse para a 16\u00aa C\u00fapula do Brics, que ocorre na R\u00fassia.<\/p>\n<h3 class=\"wp-block-heading\">Informa\u00e7\u00f5es levantam \u201csuspeita\u201d sobre estado de sa\u00fade de Lula<\/h3>\n<p>Nos requerimentos que solicitam a investiga\u00e7\u00e3o da queda de Lula, Evair de Melo destacou a import\u00e2ncia da transpar\u00eancia quando h\u00e1 o uso de recursos p\u00fablicos, especialmente em eventos que envolvem autoridades do mais alto escal\u00e3o do governo.<\/p>\n<p>\u201cApesar de ter sido divulgado que o presidente n\u00e3o sofreu maiores complica\u00e7\u00f5es, a falta de clareza nas vers\u00f5es apresentadas sobre o acidente gerou questionamentos sobre o real estado de sa\u00fade do chefe do Executivo e a integridade das informa\u00e7\u00f5es transmitidas \u00e0 popula\u00e7\u00e3o\u201d, declarou o deputado.<\/p>\n<p>Para o parlamentar, a suposta tentativa de oculta\u00e7\u00e3o de informa\u00e7\u00f5es seria extremamente prejudicial para a confian\u00e7a da popula\u00e7\u00e3o. \u201cA clareza \u00e9 fundamental para manter a confian\u00e7a p\u00fablica. Qualquer d\u00favida ou omiss\u00e3o deve ser investigada para que possamos garantir a verdade\u201d, afirmou.<\/p>\n<p><strong><a href=\"https:\/\/revistaoeste.com\/politica\/deputado-aciona-pgr-e-pf-para-investigar-acidente-de-lula-no-alvorada\/\">Source link<\/a><\/strong><\/p>\n<\/div>\n<p><br \/>\n<br \/><a href=\"https:\/\/paulofigueiredoshow.com\/deputado-aciona-pgr-e-pf-para-investigar-acidente-de-lula-no-alvorada\/\">Source link <\/a><\/p>","protected":false},"excerpt":{"rendered":"<p>Leia mais sobre o deputado Evair de Melo ter acionado PGR e PF para investigar acidente de Lula no Pal\u00e1cio da Alvorada O deputado federal Evair Vieira de Melo (PP-ES)&hellip;<\/p>","protected":false},"author":1,"featured_media":20998,"comment_status":"closed","ping_status":"open","sticky":false,"template":"","format":"standard","meta":{"content-type":"","footnotes":""},"categories":[16],"tags":[7762,305,29505,2063,699],"class_list":["post-51701","post","type-post","status-publish","format-standard","has-post-thumbnail","hentry","category-noticias","tag-aciona","tag-deputado","tag-evair-melo","tag-pf","tag-pgr"],"_links":{"self":[{"href":"https:\/\/tvbrazilusa.com\/pt\/wp-json\/wp\/v2\/posts\/51701","targetHints":{"allow":["GET"]}}],"collection":[{"href":"https:\/\/tvbrazilusa.com\/pt\/wp-json\/wp\/v2\/posts"}],"about":[{"href":"https:\/\/tvbrazilusa.com\/pt\/wp-json\/wp\/v2\/types\/post"}],"author":[{"embeddable":true,"href":"https:\/\/tvbrazilusa.com\/pt\/wp-json\/wp\/v2\/users\/1"}],"replies":[{"embeddable":true,"href":"https:\/\/tvbrazilusa.com\/pt\/wp-json\/wp\/v2\/comments?post=51701"}],"version-history":[{"count":1,"href":"https:\/\/tvbrazilusa.com\/pt\/wp-json\/wp\/v2\/posts\/51701\/revisions"}],"predecessor-version":[{"id":51702,"href":"https:\/\/tvbrazilusa.com\/pt\/wp-json\/wp\/v2\/posts\/51701\/revisions\/51702"}],"wp:featuredmedia":[{"embeddable":true,"href":"https:\/\/tvbrazilusa.com\/pt\/wp-json\/wp\/v2\/media\/20998"}],"wp:attachment":[{"href":"https:\/\/tvbrazilusa.com\/pt\/wp-json\/wp\/v2\/media?parent=51701"}],"wp:term":[{"taxonomy":"category","embeddable":true,"href":"https:\/\/tvbrazilusa.com\/pt\/wp-json\/wp\/v2\/categories?post=51701"},{"taxonomy":"post_tag","embeddable":true,"href":"https:\/\/tvbrazilusa.com\/pt\/wp-json\/wp\/v2\/tags?post=51701"}],"curies":[{"name":"wp","href":"https:\/\/api.w.org\/{rel}","templated":true}]}}