{"id":51715,"date":"2024-10-25T03:20:22","date_gmt":"2024-10-25T03:20:22","guid":{"rendered":"https:\/\/tvbrazilusa.com\/2024\/10\/25\/para-fux-guardas-municipais-podem-fazer-patrulhamento-preventivo\/"},"modified":"2024-10-25T03:20:24","modified_gmt":"2024-10-25T03:20:24","slug":"para-fux-guardas-municipais-podem-fazer-patrulhamento-preventivo","status":"publish","type":"post","link":"https:\/\/tvbrazilusa.com\/pt\/2024\/10\/25\/para-fux-guardas-municipais-podem-fazer-patrulhamento-preventivo\/","title":{"rendered":"Para Fux, guardas municipais podem fazer patrulhamento preventivo"},"content":{"rendered":"<p> <script async src=\"https:\/\/pagead2.googlesyndication.com\/pagead\/js\/adsbygoogle.js?client=ca-pub-8864793242727901\"\r\n     crossorigin=\"anonymous\"><\/script><br \/>\n<\/p>\n<div id=\"taboola-read-more\" style=\"display:block; width:100%\">\n<p>At\u00e9 o momento, Fux, que \u00e9 relator da a\u00e7\u00e3o, foi o \u00fanico a votar, manifestando-se durante o julgamento que definir\u00e1 se os munic\u00edpios podem instituir a Guarda Civil para esse tipo de atua\u00e7\u00e3o.\n<\/p>\n<p>O julgamento foi suspenso devido ao adiantado da hora e ser\u00e1 retomado oportunamente.<\/p>\n<p>Caso\n<\/p>\n<p>A C\u00e2mara Municipal de S\u00e3o Paulo recorreu ao STF contestando decis\u00e3o do TJ\/SP que declarou inconstitucional dispositivo da lei municipal 13.866\/04 que fixava entre as atribui\u00e7\u00f5es da Guarda Civil Metropolitana a de &#8220;policiamento preventivo e comunit\u00e1rio visando a prote\u00e7\u00e3o dos bens, servi\u00e7os e instala\u00e7\u00f5es municipais, bem como a pris\u00e3o em flagrante por qualquer delito&#8221;.\n<\/p>\n<p>Para o TJ\/SP, ao tratar de seguran\u00e7a p\u00fablica, a lei invadiu compet\u00eancia do Estado.\n<\/p>\n<p>Segundo o munic\u00edpio, o art. 144, \u00a7 8\u00ba, da CF, estabeleceu que as cidades poder\u00e3o constituir guardas municipais destinadas \u00e0 prote\u00e7\u00e3o de seus bens, servi\u00e7os e instala\u00e7\u00f5es, &#8220;conforme dispuser a lei&#8221;.\n<\/p>\n<p>Voto do relator\n<\/p>\n<p>Ministro Luiz Fux, relator da a\u00e7\u00e3o, reconheceu que a Guarda Civil pode exercer atividades de patrulhamento preventivo, validando a compet\u00eancia do munic\u00edpio para legislar a respeito do tema.\n<\/p>\n<p>Em seu voto, afirmou que a lei do Munic\u00edpio de S\u00e3o Paulo est\u00e1 em conson\u00e2ncia com a CF, pois o poder normativo conferido ao legislador municipal \u00e9 compat\u00edvel com a reparti\u00e7\u00e3o de compet\u00eancias prevista constitucionalmente. Assim, segundo Fux, o munic\u00edpio tem a prerrogativa de criar normas voltadas \u00e0 prote\u00e7\u00e3o de bens, servi\u00e7os e instala\u00e7\u00f5es.\n<\/p>\n<p>O relator tamb\u00e9m destacou que as guardas municipais, conforme o art. 144 da Constitui\u00e7\u00e3o, integram o sistema de seguran\u00e7a p\u00fablica, o que as autoriza a atuar diretamente na \u00e1rea de seguran\u00e7a.\n<\/p>\n<p>Nesse sentido, ressaltou que a atribui\u00e7\u00e3o de atividades de policiamento preventivo e comunit\u00e1rio \u00e0s guardas municipais n\u00e3o infringe o pacto federativo, j\u00e1 que a fun\u00e7\u00e3o se insere no modelo de coopera\u00e7\u00e3o entre os entes federados em prol da seguran\u00e7a p\u00fablica, que \u00e9 responsabilidade do Estado.\n<\/p>\n<p>Fonte: Migalhas              <\/p>\n<\/div>\n<p><br \/>\n<br \/><a href=\"https:\/\/diariodobrasilnoticias.com.br\/noticia\/para-fux-guardas-municipais-podem-fazer-patrulhamento-preventivo-671ad2e07e7ce\">Source link <\/a><\/p>","protected":false},"excerpt":{"rendered":"<p>At\u00e9 o momento, Fux, que \u00e9 relator da a\u00e7\u00e3o, foi o \u00fanico a votar, manifestando-se durante o julgamento que definir\u00e1 se os munic\u00edpios podem instituir a Guarda Civil para esse&hellip;<\/p>","protected":false},"author":1,"featured_media":51716,"comment_status":"closed","ping_status":"open","sticky":false,"template":"","format":"standard","meta":{"content-type":"","footnotes":""},"categories":[16],"tags":[123,2448,5313,1267],"class_list":["post-51715","post","type-post","status-publish","format-standard","has-post-thumbnail","hentry","category-noticias","tag-brasil","tag-diario","tag-noticia","tag-noticias"],"_links":{"self":[{"href":"https:\/\/tvbrazilusa.com\/pt\/wp-json\/wp\/v2\/posts\/51715","targetHints":{"allow":["GET"]}}],"collection":[{"href":"https:\/\/tvbrazilusa.com\/pt\/wp-json\/wp\/v2\/posts"}],"about":[{"href":"https:\/\/tvbrazilusa.com\/pt\/wp-json\/wp\/v2\/types\/post"}],"author":[{"embeddable":true,"href":"https:\/\/tvbrazilusa.com\/pt\/wp-json\/wp\/v2\/users\/1"}],"replies":[{"embeddable":true,"href":"https:\/\/tvbrazilusa.com\/pt\/wp-json\/wp\/v2\/comments?post=51715"}],"version-history":[{"count":1,"href":"https:\/\/tvbrazilusa.com\/pt\/wp-json\/wp\/v2\/posts\/51715\/revisions"}],"predecessor-version":[{"id":51717,"href":"https:\/\/tvbrazilusa.com\/pt\/wp-json\/wp\/v2\/posts\/51715\/revisions\/51717"}],"wp:featuredmedia":[{"embeddable":true,"href":"https:\/\/tvbrazilusa.com\/pt\/wp-json\/wp\/v2\/media\/51716"}],"wp:attachment":[{"href":"https:\/\/tvbrazilusa.com\/pt\/wp-json\/wp\/v2\/media?parent=51715"}],"wp:term":[{"taxonomy":"category","embeddable":true,"href":"https:\/\/tvbrazilusa.com\/pt\/wp-json\/wp\/v2\/categories?post=51715"},{"taxonomy":"post_tag","embeddable":true,"href":"https:\/\/tvbrazilusa.com\/pt\/wp-json\/wp\/v2\/tags?post=51715"}],"curies":[{"name":"wp","href":"https:\/\/api.w.org\/{rel}","templated":true}]}}