{"id":51723,"date":"2024-10-25T03:00:00","date_gmt":"2024-10-25T03:00:00","guid":{"rendered":"https:\/\/tvbrazilusa.com\/2024\/10\/25\/venda-de-sentencas-policia-federal-apreende-r-3-mi-em-casa-de-desembargador-paulo-figueiredo\/"},"modified":"2024-10-25T03:40:51","modified_gmt":"2024-10-25T03:40:51","slug":"venda-de-sentencas-policia-federal-apreende-r-3-mi-em-casa-de-desembargador-paulo-figueiredo","status":"publish","type":"post","link":"https:\/\/tvbrazilusa.com\/pt\/2024\/10\/25\/venda-de-sentencas-policia-federal-apreende-r-3-mi-em-casa-de-desembargador-paulo-figueiredo\/","title":{"rendered":"Venda de senten\u00e7as: Pol\u00edcia Federal apreende R$ 3 mi em casa de desembargador &#8211; Paulo Figueiredo"},"content":{"rendered":"<p> <script async src=\"https:\/\/pagead2.googlesyndication.com\/pagead\/js\/adsbygoogle.js?client=ca-pub-8864793242727901\"\r\n     crossorigin=\"anonymous\"><\/script><br \/>\n<\/p>\n<div id=\"wtr-content\" data-bg=\"#FFFFFF\" data-fg=\"#006d91\" data-width=\"25\" data-mute=\"1\" data-fgopacity=\"1.00\" data-mutedopacity=\"0.5\" data-placement=\"bottom\" data-placement-offset=\"0\" data-content-offset=\"262\" data-placement-touch=\"bottom\" data-placement-offset-touch=\"0\" data-transparent=\"\" data-shadow=\"0\" data-touch=\"1\" data-non-touch=\"1\" data-comments=\"0\" data-commentsbg=\"transparent\" data-location=\"page\" data-mutedfg=\"#006d91\" data-endfg=\"#006d91\" data-rtl=\"\">\n<h3 class=\"wp-block-heading\">Venda de senten\u00e7as no Tribunal de Justi\u00e7a de Mato Grosso do Sul: Pol\u00edcia Federal apreende R$ 3 mi em casa de desembargador<\/h3>\n<p>Cerca de R$ 3 milh\u00f5es em esp\u00e9cie. Esse foi o valor que a Pol\u00edcia Federal (PF) apreendeu, nesta quinta-feira, 24, dentro de uma mala na casa do desembargador Julio Roberto Siqueira Cardoso. Aposentado desde junho, o magistrado \u00e9 um dos alvos da Opera\u00e7\u00e3o \u00daltima Ratio, que visa a desmantelar o esquema criminoso de venda de senten\u00e7as no Tribunal de Justi\u00e7a de Mato Grosso do Sul (TJMS).<\/p>\n<p>Al\u00e9m da resid\u00eancia de Siqueira Cardoso, em Campo Grande, agentes da PF cumpriram mandados de busca e apreens\u00e3o em outros 43 endere\u00e7os. No \u00e2mbito da a\u00e7\u00e3o,\u00a0<strong>cinco desembargadores do TJMS foram afastados<\/strong>\u00a0por determina\u00e7\u00e3o do\u00a0<strong>Superior Tribunal de Justi\u00e7a<\/strong>\u00a0(STJ). O presidente da Corte, Sergio Fernandes Martins, est\u00e1 na lista dos magistrados que foram impedidos de, por ora, seguirem com suas fun\u00e7\u00f5es no Poder Judici\u00e1rio sul-mato-grossense.<\/p>\n<p>A quantia milion\u00e1ria na mala encontrada na casa de Siqueira Cardoso n\u00e3o foi o \u00fanico destaque das a\u00e7\u00f5es desta quinta-feira. De acordo com o jornal\u00a0<em>O Estado de S. Paulo<\/em>, em outro local, os agentes da PF apreenderam um cofre \u2014 n\u00e3o h\u00e1, no entanto, detalhes do que haveria dentro do objeto. Policiais tamb\u00e9m encontraram, num terceiro endere\u00e7o, um conjunto de armas de fogo, incluindo espingardas e rev\u00f3lveres.<\/p>\n<p>A PF chegou a pedir a pris\u00e3o de Siqueira Cardoso. O ministro Francisco Falc\u00e3o, respons\u00e1vel por analisar o caso no STJ, rejeitou. Para ele, seria necess\u00e1rio parecer do Minist\u00e9rio P\u00fablico Federal nesse sentido. A Procuradoria, contudo, entendeu que o afastamento de ministro do TJMS j\u00e1 seria suficiente para \u201cestancar a pr\u00e1tica delitiva e assegurar o bom andamento das apura\u00e7\u00f5es\u201d.<\/p>\n<h3 class=\"wp-block-heading\">Corregedor se manifesta a respeito do caso da venda de senten\u00e7as<\/h3>\n<p>A investiga\u00e7\u00e3o que mira desmantelar a organiza\u00e7\u00e3o respons\u00e1vel por venda de senten\u00e7as no TJMS fez com que o corregedor nacional de Justi\u00e7a, Mauro Campbell, se manifestasse. O magistrado, a saber, pediu o compartilhamento de todas as provas da Opera\u00e7\u00e3o \u00daltima Ratio.<\/p>\n<h3 class=\"wp-block-heading\">Leia mais:<\/h3>\n<p>\u201cA partir do compartilhamento ser\u00e1 aberto procedimento administrativo no Conselho Nacional de Justi\u00e7a para analisar poss\u00edvel envolvimento de magistrados\u201d, afirmou Campbell. \u201cCaso sejam identificados ind\u00edcios de irregularidade, ser\u00e3o adotadas as medidas necess\u00e1rias \u00e0 preserva\u00e7\u00e3o dos jurisdicionados do Mato Grosso do Sul.\u201d<\/p>\n<p>Em nota, o Tribunal de Justi\u00e7a de Mato Grosso do Sul afirmou que \u201cos investigados ter\u00e3o certamente todo o direito de defesa e os fatos ainda est\u00e3o sob investiga\u00e7\u00e3o.\u201d<\/p>\n<p>A PF informa que, al\u00e9m da venda de senten\u00e7as, a \u00daltima Ratio investiga a pr\u00e1tica de crimes como lavagem de dinheiro, organiza\u00e7\u00e3o criminosa, extors\u00e3o e falsifica\u00e7\u00e3o de escrituras p\u00fablicas.<\/p>\n<p><strong><a href=\"https:\/\/revistaoeste.com\/politica\/venda-de-sentencas-policia-federal-apreende-r-3-mi-em-casa-de-desembargador\/\">Source link<\/a><\/strong><\/p>\n<\/div>\n<p><br \/>\n<br \/><a href=\"https:\/\/paulofigueiredoshow.com\/venda-de-sentencas-policia-federal-apreende-r-3-mi-em-casa-de-desembargador\/\">Source link <\/a><\/p>","protected":false},"excerpt":{"rendered":"<p>Venda de senten\u00e7as no Tribunal de Justi\u00e7a de Mato Grosso do Sul: Pol\u00edcia Federal apreende R$ 3 mi em casa de desembargador Cerca de R$ 3 milh\u00f5es em esp\u00e9cie. Esse&hellip;<\/p>","protected":false},"author":1,"featured_media":51724,"comment_status":"closed","ping_status":"open","sticky":false,"template":"","format":"standard","meta":{"content-type":"","footnotes":""},"categories":[16],"tags":[],"class_list":["post-51723","post","type-post","status-publish","format-standard","has-post-thumbnail","hentry","category-noticias"],"_links":{"self":[{"href":"https:\/\/tvbrazilusa.com\/pt\/wp-json\/wp\/v2\/posts\/51723","targetHints":{"allow":["GET"]}}],"collection":[{"href":"https:\/\/tvbrazilusa.com\/pt\/wp-json\/wp\/v2\/posts"}],"about":[{"href":"https:\/\/tvbrazilusa.com\/pt\/wp-json\/wp\/v2\/types\/post"}],"author":[{"embeddable":true,"href":"https:\/\/tvbrazilusa.com\/pt\/wp-json\/wp\/v2\/users\/1"}],"replies":[{"embeddable":true,"href":"https:\/\/tvbrazilusa.com\/pt\/wp-json\/wp\/v2\/comments?post=51723"}],"version-history":[{"count":1,"href":"https:\/\/tvbrazilusa.com\/pt\/wp-json\/wp\/v2\/posts\/51723\/revisions"}],"predecessor-version":[{"id":51725,"href":"https:\/\/tvbrazilusa.com\/pt\/wp-json\/wp\/v2\/posts\/51723\/revisions\/51725"}],"wp:featuredmedia":[{"embeddable":true,"href":"https:\/\/tvbrazilusa.com\/pt\/wp-json\/wp\/v2\/media\/51724"}],"wp:attachment":[{"href":"https:\/\/tvbrazilusa.com\/pt\/wp-json\/wp\/v2\/media?parent=51723"}],"wp:term":[{"taxonomy":"category","embeddable":true,"href":"https:\/\/tvbrazilusa.com\/pt\/wp-json\/wp\/v2\/categories?post=51723"},{"taxonomy":"post_tag","embeddable":true,"href":"https:\/\/tvbrazilusa.com\/pt\/wp-json\/wp\/v2\/tags?post=51723"}],"curies":[{"name":"wp","href":"https:\/\/api.w.org\/{rel}","templated":true}]}}