{"id":51746,"date":"2024-10-25T01:13:45","date_gmt":"2024-10-25T01:13:45","guid":{"rendered":"https:\/\/tvbrazilusa.com\/2024\/10\/25\/moraes-se-lixa-para-as-leis-diz-advogado-de-daniel-silveira-paulo-figueiredo\/"},"modified":"2024-10-25T04:46:53","modified_gmt":"2024-10-25T04:46:53","slug":"moraes-se-lixa-para-as-leis-diz-advogado-de-daniel-silveira-paulo-figueiredo","status":"publish","type":"post","link":"https:\/\/tvbrazilusa.com\/pt\/2024\/10\/25\/moraes-se-lixa-para-as-leis-diz-advogado-de-daniel-silveira-paulo-figueiredo\/","title":{"rendered":"Moraes \u2018se lixa\u2019 para as leis, diz advogado de Daniel Silveira &#8211; Paulo Figueiredo"},"content":{"rendered":"<p> <script async src=\"https:\/\/pagead2.googlesyndication.com\/pagead\/js\/adsbygoogle.js?client=ca-pub-8864793242727901\"\r\n     crossorigin=\"anonymous\"><\/script><br \/>\n<\/p>\n<div id=\"wtr-content\" data-bg=\"#FFFFFF\" data-fg=\"#006d91\" data-width=\"25\" data-mute=\"1\" data-fgopacity=\"1.00\" data-mutedopacity=\"0.5\" data-placement=\"bottom\" data-placement-offset=\"0\" data-content-offset=\"262\" data-placement-touch=\"bottom\" data-placement-offset-touch=\"0\" data-transparent=\"\" data-shadow=\"0\" data-touch=\"1\" data-non-touch=\"1\" data-comments=\"0\" data-commentsbg=\"transparent\" data-location=\"page\" data-mutedfg=\"#006d91\" data-endfg=\"#006d91\" data-rtl=\"\">\n<p class=\"has-small-font-size\">Foto \u2013 Vinicius Loures<\/p>\n<h3 class=\"wp-block-heading\">Paulo Faria disse que o ministro do STF \u2018usa de artif\u00edcios pessoais para afastar a aplica\u00e7\u00e3o da legisla\u00e7\u00e3o\u2019<\/h3>\n<p>O ministro Alexandre de Moraes, do Supremo Tribunal Federal (STF),\u00a0<strong>se nega a conceder ao ex-deputado federal Daniel Silveira o direito de trabalhar e estudar<\/strong>. O ex-parlamentar est\u00e1 preso na Col\u00f4nia Agr\u00edcola de Mag\u00e9, no Rio de Janeiro.<\/p>\n<p>Daniel Silveira citou, na solicita\u00e7\u00e3o enviada nesta semana, que tem uma proposta de emprego em uma academia, al\u00e9m de est\u00e1gio remunerado no escrit\u00f3rio de Paulo Faria, seu advogado. Moraes, contudo, alegou que ex-parlamentar tem um hist\u00f3rico de descumprimento de uso da tornozeleira eletr\u00f4nica. Por esse motivo, negou o pedido.<\/p>\n<p>Em entrevista, Faria afirmou que a decis\u00e3o \u00e9 ilegal e que o magistrado \u201cse lixa\u201d para as leis brasileiras. O advogado explicou que \u201cn\u00e3o houve descumprimento das leis\u201d.<\/p>\n<h3 class=\"wp-block-heading\">Daniel Silveira \u201cn\u00e3o descumpriu a lei\u201d<\/h3>\n<p>Ele lembrou que seu cliente retirou a tornozeleira depois da concess\u00e3o do perd\u00e3o presidencial, em abril de 2022. Portanto, \u00e0 \u00e9poca, \u201co ex-deputado contava com o indulto\u201d. \u201cAlexandre de Moraes usou isso como um subterf\u00fagio ilegal para impedir que ele trabalhasse ou estudasse\u201d, afirmou. \u201cO ministro quer que meu cliente continue ocioso.\u201d<\/p>\n<p>Faria ainda disse que o ex-parlamentar est\u00e1 pr\u00f3ximo a terminar o curso de Direito. \u201cContudo, Moraes o impede de concluir\u201d, acusou.<\/p>\n<h3 class=\"wp-block-heading\">Alexandre de Moraes pratica tortura psicol\u00f3gica\u00a0<\/h3>\n<p>O advogado afirmou mais uma vez que o magistrado est\u00e1 praticando tortura psicol\u00f3gica em Daniel Silveira, \u201cporque usa de artif\u00edcios pessoais para afastar a aplica\u00e7\u00e3o das leis\u201d.<\/p>\n<p>\u201cMeu cliente est\u00e1, simplesmente, vendo o tempo passar\u201d, disse Faria, ao afirmar que Daniel Silveira passa todo seu tempo no \u00f3cio. \u201cEle observa o vento bater nas \u00e1rvores e o canto dos p\u00e1ssaros. Porque o \u2018deus rei da Rep\u00fablica\u2019 se achou no direito de proibir um cidad\u00e3o de trabalhar e de estudar. N\u00e3o porque a lei manda, mas porque ele quer.\u201d<\/p>\n<p><strong><a href=\"https:\/\/revistaoeste.com\/politica\/moraes-se-lixa-para-as-leis-diz-advogado-de-daniel-silveira\/\">Source link<\/a><\/strong><\/p>\n<\/div>\n<p><br \/>\n<br \/><a href=\"https:\/\/paulofigueiredoshow.com\/moraes-se-lixa-para-as-leis-diz-advogado-de-daniel-silveira\/\">Source link <\/a><\/p>","protected":false},"excerpt":{"rendered":"<p>Foto \u2013 Vinicius Loures Paulo Faria disse que o ministro do STF \u2018usa de artif\u00edcios pessoais para afastar a aplica\u00e7\u00e3o da legisla\u00e7\u00e3o\u2019 O ministro Alexandre de Moraes, do Supremo Tribunal&hellip;<\/p>","protected":false},"author":1,"featured_media":8302,"comment_status":"closed","ping_status":"open","sticky":false,"template":"","format":"standard","meta":{"content-type":"","footnotes":""},"categories":[16],"tags":[920,425,29524,23974,1475,871],"class_list":["post-51746","post","type-post","status-publish","format-standard","has-post-thumbnail","hentry","category-noticias","tag-daniel","tag-moraes","tag-nega-pedido","tag-paulo-faria","tag-preso","tag-stf"],"_links":{"self":[{"href":"https:\/\/tvbrazilusa.com\/pt\/wp-json\/wp\/v2\/posts\/51746","targetHints":{"allow":["GET"]}}],"collection":[{"href":"https:\/\/tvbrazilusa.com\/pt\/wp-json\/wp\/v2\/posts"}],"about":[{"href":"https:\/\/tvbrazilusa.com\/pt\/wp-json\/wp\/v2\/types\/post"}],"author":[{"embeddable":true,"href":"https:\/\/tvbrazilusa.com\/pt\/wp-json\/wp\/v2\/users\/1"}],"replies":[{"embeddable":true,"href":"https:\/\/tvbrazilusa.com\/pt\/wp-json\/wp\/v2\/comments?post=51746"}],"version-history":[{"count":1,"href":"https:\/\/tvbrazilusa.com\/pt\/wp-json\/wp\/v2\/posts\/51746\/revisions"}],"predecessor-version":[{"id":51747,"href":"https:\/\/tvbrazilusa.com\/pt\/wp-json\/wp\/v2\/posts\/51746\/revisions\/51747"}],"wp:featuredmedia":[{"embeddable":true,"href":"https:\/\/tvbrazilusa.com\/pt\/wp-json\/wp\/v2\/media\/8302"}],"wp:attachment":[{"href":"https:\/\/tvbrazilusa.com\/pt\/wp-json\/wp\/v2\/media?parent=51746"}],"wp:term":[{"taxonomy":"category","embeddable":true,"href":"https:\/\/tvbrazilusa.com\/pt\/wp-json\/wp\/v2\/categories?post=51746"},{"taxonomy":"post_tag","embeddable":true,"href":"https:\/\/tvbrazilusa.com\/pt\/wp-json\/wp\/v2\/tags?post=51746"}],"curies":[{"name":"wp","href":"https:\/\/api.w.org\/{rel}","templated":true}]}}