{"id":51785,"date":"2024-10-25T09:55:55","date_gmt":"2024-10-25T09:55:55","guid":{"rendered":"https:\/\/tvbrazilusa.com\/2024\/10\/25\/bomba-vice-presidente-do-pt-no-df-e-preso-por-violencia-sexual-contra-adolescentes\/"},"modified":"2024-10-25T09:55:56","modified_gmt":"2024-10-25T09:55:56","slug":"bomba-vice-presidente-do-pt-no-df-e-preso-por-violencia-sexual-contra-adolescentes","status":"publish","type":"post","link":"https:\/\/tvbrazilusa.com\/pt\/2024\/10\/25\/bomba-vice-presidente-do-pt-no-df-e-preso-por-violencia-sexual-contra-adolescentes\/","title":{"rendered":"BOMBA: Vice-presidente do PT no DF \u00e9 preso por viol\u00eancia sexual contra adolescentes"},"content":{"rendered":"<p> <script async src=\"https:\/\/pagead2.googlesyndication.com\/pagead\/js\/adsbygoogle.js?client=ca-pub-8864793242727901\"\r\n     crossorigin=\"anonymous\"><\/script><br \/>\n<\/p>\n<div id=\"taboola-read-more\" style=\"display:block; width:100%\">\n<p>Vice-presidente do Partido dos Trabalhadores (PT) no Distrito Federal, Wilmar Lacerda foi preso, nesta quinta-feira (24), no \u00e2mbito da Opera\u00e7\u00e3o Predador, que investiga esquema de aliciamento e abuso de adolescentes na capital do pa\u00eds.\n<\/p>\n<p>As investiga\u00e7\u00f5es s\u00e3o conduzidas pela Delegacia de Prote\u00e7\u00e3o \u00e0 Crian\u00e7a e ao Adolescente (DPCA). A pris\u00e3o do pol\u00edtico foi determinada pela justi\u00e7a. O processo, no entanto, corre em sigilo.<\/p>\n<p>A primeira fase da Opera\u00e7\u00e3o Predador, em julho, prendeu um empres\u00e1rio de 61 anos suspeito de de aliciar e abusar de \u201cdezenas de adolescentes, a maioria com 12 e 13 anos de idade\u201d. O homem, segundo a investiga\u00e7\u00e3o, promovia festas com as adolescentes.\n<\/p>\n<p>A defesa de Wilmar Lacerda n\u00e3o foi localizada. O PT-DF ainda n\u00e3o se manifestou sobre o caso. O espa\u00e7o continua aberto para manifesta\u00e7\u00f5es.<\/p>\n<p>Fonte: SBT News              <\/p>\n<\/div>\n<p><br \/>\n<br \/><a href=\"https:\/\/diariodobrasilnoticias.com.br\/noticia\/bomba-vice-presidente-do-pt-no-df-e-preso-por-violencia-sexual-contra-adolescentes-671b698657967\">Source link <\/a><\/p>","protected":false},"excerpt":{"rendered":"<p>Vice-presidente do Partido dos Trabalhadores (PT) no Distrito Federal, Wilmar Lacerda foi preso, nesta quinta-feira (24), no \u00e2mbito da Opera\u00e7\u00e3o Predador, que investiga esquema de aliciamento e abuso de adolescentes&hellip;<\/p>","protected":false},"author":1,"featured_media":51786,"comment_status":"closed","ping_status":"open","sticky":false,"template":"","format":"standard","meta":{"content-type":"","footnotes":""},"categories":[16],"tags":[123,2448,5313,1267],"class_list":["post-51785","post","type-post","status-publish","format-standard","has-post-thumbnail","hentry","category-noticias","tag-brasil","tag-diario","tag-noticia","tag-noticias"],"_links":{"self":[{"href":"https:\/\/tvbrazilusa.com\/pt\/wp-json\/wp\/v2\/posts\/51785","targetHints":{"allow":["GET"]}}],"collection":[{"href":"https:\/\/tvbrazilusa.com\/pt\/wp-json\/wp\/v2\/posts"}],"about":[{"href":"https:\/\/tvbrazilusa.com\/pt\/wp-json\/wp\/v2\/types\/post"}],"author":[{"embeddable":true,"href":"https:\/\/tvbrazilusa.com\/pt\/wp-json\/wp\/v2\/users\/1"}],"replies":[{"embeddable":true,"href":"https:\/\/tvbrazilusa.com\/pt\/wp-json\/wp\/v2\/comments?post=51785"}],"version-history":[{"count":1,"href":"https:\/\/tvbrazilusa.com\/pt\/wp-json\/wp\/v2\/posts\/51785\/revisions"}],"predecessor-version":[{"id":51787,"href":"https:\/\/tvbrazilusa.com\/pt\/wp-json\/wp\/v2\/posts\/51785\/revisions\/51787"}],"wp:featuredmedia":[{"embeddable":true,"href":"https:\/\/tvbrazilusa.com\/pt\/wp-json\/wp\/v2\/media\/51786"}],"wp:attachment":[{"href":"https:\/\/tvbrazilusa.com\/pt\/wp-json\/wp\/v2\/media?parent=51785"}],"wp:term":[{"taxonomy":"category","embeddable":true,"href":"https:\/\/tvbrazilusa.com\/pt\/wp-json\/wp\/v2\/categories?post=51785"},{"taxonomy":"post_tag","embeddable":true,"href":"https:\/\/tvbrazilusa.com\/pt\/wp-json\/wp\/v2\/tags?post=51785"}],"curies":[{"name":"wp","href":"https:\/\/api.w.org\/{rel}","templated":true}]}}