{"id":51791,"date":"2024-10-25T10:33:38","date_gmt":"2024-10-25T10:33:38","guid":{"rendered":"https:\/\/tvbrazilusa.com\/2024\/10\/25\/mpf-novamente-cobra-o-banco-do-brasil-por-possivel-envolvimento-no-trafico-de-escravos-no-seculo-19\/"},"modified":"2024-10-25T10:33:40","modified_gmt":"2024-10-25T10:33:40","slug":"mpf-novamente-cobra-o-banco-do-brasil-por-possivel-envolvimento-no-trafico-de-escravos-no-seculo-19","status":"publish","type":"post","link":"https:\/\/tvbrazilusa.com\/pt\/2024\/10\/25\/mpf-novamente-cobra-o-banco-do-brasil-por-possivel-envolvimento-no-trafico-de-escravos-no-seculo-19\/","title":{"rendered":"MPF novamente cobra o Banco do Brasil por poss\u00edvel envolvimento no tr\u00e1fico de escravos no s\u00e9culo 19"},"content":{"rendered":"<p> <script async src=\"https:\/\/pagead2.googlesyndication.com\/pagead\/js\/adsbygoogle.js?client=ca-pub-8864793242727901\"\r\n     crossorigin=\"anonymous\"><\/script><br \/>\n<\/p>\n<div id=\"taboola-read-more\" style=\"display:block; width:100%\">\n<p>O Minist\u00e9rio P\u00fablico Federal (MPF) do Rio de Janeiro voltou a cobrar o Banco do Brasil (BB) para que a institui\u00e7\u00e3o apresente a\u00e7\u00f5es concretas de repara\u00e7\u00e3o \u00e0 popula\u00e7\u00e3o negra por suposta participa\u00e7\u00e3o do banco no tr\u00e1fico de escravos no s\u00e9culo 19.<\/p>\n<p>A cobran\u00e7a ao banco foi refor\u00e7ada em audi\u00eancia p\u00fablica realizada na ter\u00e7a-feira (22), coordenada pelo procurador regional dos Direitos dos Direitos do Cidad\u00e3o, J\u00falio Jos\u00e9 Ara\u00fajo Junior.<\/p>\n<p>Na audi\u00eancia, estiveram presentes representantes do Banco do Brasil, do Minist\u00e9rio da Igualdade Racial e do Minist\u00e9rio dos Direitos Humanos e da Cidadania.<\/p>\n<p>O Banco do Brasil foi notificado pelo MPF sobre a a\u00e7\u00e3o in\u00e9dita em setembro do ano passado.<\/p>\n<p>Para justificar a a\u00e7\u00e3o, os proponentes relatam, por exemplo, que o banco tinha entre seus acionistas e fundadores o negociante de escravos Jos\u00e9 Bernardino de S\u00e1, acusado pelos historiadores de ter sido um dos maiores contrabandistas de africanos na \u00e9poca.<\/p>\n<p><strong>O banco se desculpou por atua\u00e7\u00e3o no contexto da escravid\u00e3o<\/strong><br \/>Em uma audi\u00eancia ocorrida em novembro de 2023, o Banco do Brasil pediu desculpas pela atua\u00e7\u00e3o da institui\u00e7\u00e3o no contexto da escravid\u00e3o.<\/p>\n<p>Para o MPF, o pedido de desculpas \u00e9 louv\u00e1vel e necess\u00e1rio, mas insuficiente, \u201cdevendo estar associado a um conjunto de iniciativas que abranjam o aprofundamento da pesquisa hist\u00f3rica, a estrutura\u00e7\u00e3o de um novo pensamento sobre a organiza\u00e7\u00e3o e o funcionamento do banco e a constru\u00e7\u00e3o, com a sociedade brasileira, de um programa de repara\u00e7\u00e3o\u201d.<\/p>\n<p>Fonte: Gazeta do Povo<\/p>\n<\/p><\/div>\n<p><br \/>\n<br \/><a href=\"https:\/\/diariodobrasilnoticias.com.br\/noticia\/mpf-novamente-cobra-o-banco-do-brasil-por-possivel-envolvimento-no-trafico-de-escravos-no-seculo-19-671b71e9af8d8\">Source link <\/a><\/p>","protected":false},"excerpt":{"rendered":"<p>O Minist\u00e9rio P\u00fablico Federal (MPF) do Rio de Janeiro voltou a cobrar o Banco do Brasil (BB) para que a institui\u00e7\u00e3o apresente a\u00e7\u00f5es concretas de repara\u00e7\u00e3o \u00e0 popula\u00e7\u00e3o negra por&hellip;<\/p>","protected":false},"author":1,"featured_media":51792,"comment_status":"closed","ping_status":"open","sticky":false,"template":"","format":"standard","meta":{"content-type":"","footnotes":""},"categories":[16],"tags":[123,2448,5313,1267],"class_list":["post-51791","post","type-post","status-publish","format-standard","has-post-thumbnail","hentry","category-noticias","tag-brasil","tag-diario","tag-noticia","tag-noticias"],"_links":{"self":[{"href":"https:\/\/tvbrazilusa.com\/pt\/wp-json\/wp\/v2\/posts\/51791","targetHints":{"allow":["GET"]}}],"collection":[{"href":"https:\/\/tvbrazilusa.com\/pt\/wp-json\/wp\/v2\/posts"}],"about":[{"href":"https:\/\/tvbrazilusa.com\/pt\/wp-json\/wp\/v2\/types\/post"}],"author":[{"embeddable":true,"href":"https:\/\/tvbrazilusa.com\/pt\/wp-json\/wp\/v2\/users\/1"}],"replies":[{"embeddable":true,"href":"https:\/\/tvbrazilusa.com\/pt\/wp-json\/wp\/v2\/comments?post=51791"}],"version-history":[{"count":1,"href":"https:\/\/tvbrazilusa.com\/pt\/wp-json\/wp\/v2\/posts\/51791\/revisions"}],"predecessor-version":[{"id":51793,"href":"https:\/\/tvbrazilusa.com\/pt\/wp-json\/wp\/v2\/posts\/51791\/revisions\/51793"}],"wp:featuredmedia":[{"embeddable":true,"href":"https:\/\/tvbrazilusa.com\/pt\/wp-json\/wp\/v2\/media\/51792"}],"wp:attachment":[{"href":"https:\/\/tvbrazilusa.com\/pt\/wp-json\/wp\/v2\/media?parent=51791"}],"wp:term":[{"taxonomy":"category","embeddable":true,"href":"https:\/\/tvbrazilusa.com\/pt\/wp-json\/wp\/v2\/categories?post=51791"},{"taxonomy":"post_tag","embeddable":true,"href":"https:\/\/tvbrazilusa.com\/pt\/wp-json\/wp\/v2\/tags?post=51791"}],"curies":[{"name":"wp","href":"https:\/\/api.w.org\/{rel}","templated":true}]}}