{"id":51809,"date":"2024-10-25T12:07:44","date_gmt":"2024-10-25T12:07:44","guid":{"rendered":"https:\/\/tvbrazilusa.com\/2024\/10\/25\/venezuela-considera-o-veto-do-brasil-a-sua-entrada-no-brics-um-gesto-hostil-e-uma-agressao\/"},"modified":"2024-10-25T12:07:45","modified_gmt":"2024-10-25T12:07:45","slug":"venezuela-considera-o-veto-do-brasil-a-sua-entrada-no-brics-um-gesto-hostil-e-uma-agressao","status":"publish","type":"post","link":"https:\/\/tvbrazilusa.com\/pt\/2024\/10\/25\/venezuela-considera-o-veto-do-brasil-a-sua-entrada-no-brics-um-gesto-hostil-e-uma-agressao\/","title":{"rendered":"Venezuela considera o veto do Brasil \u00e0 sua entrada no Brics um &#8216;gesto hostil&#8217; e uma &#8216;agress\u00e3o&#8217;"},"content":{"rendered":"<p> <script async src=\"https:\/\/pagead2.googlesyndication.com\/pagead\/js\/adsbygoogle.js?client=ca-pub-8864793242727901\"\r\n     crossorigin=\"anonymous\"><\/script><br \/>\n<\/p>\n<p>&#8220;A Venezuela contou com o respaldo e apoio dos pa\u00edses participantes nesta c\u00fapula para a formaliza\u00e7\u00e3o de sua entrada neste mecanismo de integra\u00e7\u00e3o, mas a representa\u00e7\u00e3o da chancelaria brasileira, liderada pelo embaixador Eduardo Paes Saboia, decidiu manter o veto que (o ex-presidente Jair) Bolsonaro aplicou contra a Venezuela durante anos&#8221;, declarou o Minist\u00e9rio das Rela\u00e7\u00f5es Exteriores venezuelano em comunicado.<\/p>\n<div>\n<p>&#8220;Esta a\u00e7\u00e3o constitui uma agress\u00e3o \u00e0 Venezuela e um gesto hostil&#8221;, continuou a diplomacia venezuelana, que ainda qualificou o veto de inexplic\u00e1vel e imoral.\n<\/p>\n<\/div>\n<div>\n<p>A Venezuela buscava h\u00e1 meses ser membro ativo do bloco. Maduro viajou a Kazan, na R\u00fassia, para se reunir com os parceiros do Brics e o presidente russo, Vladimir Putin, manifestou-lhe apoio.\n<\/p>\n<\/div>\n<div>\n<p>Na c\u00fapula em Kazan, Putin tentou abrir as portas para a Nicar\u00e1gua e para a Venezuela, mas Lula rejeitou ap\u00f3s rusgas com os ditadores outrora amigos do petista. A ades\u00e3o da Venezuela ao Brics depende do Brasil, dada a regra de consenso para adotar novos associados ao grupo.\n<\/p>\n<\/div>\n<div>\n<p>Em seu discurso, o presidente russo disse que a Venezuela est\u00e1 &#8220;lutando por sua soberania&#8221; e afirmou que avisou a Lula, por telefone, que discorda da posi\u00e7\u00e3o do petista. Maduro, por sua vez, deixou de cumprimentar em p\u00fablico a delega\u00e7\u00e3o de Bras\u00edlia, durante seu discurso na plen\u00e1ria, e deu o recado de que seu pa\u00eds j\u00e1 faz parte da &#8220;fam\u00edlia do Brics&#8221;.\n<\/p>\n<\/div>\n<div>\n<p>De acordo com o Itamaraty, entre as condi\u00e7\u00f5es avaliadas para a ades\u00e3o ao grupo, estavam relev\u00e2ncia pol\u00edtica, equil\u00edbrio na distribui\u00e7\u00e3o regional dos pa\u00edses, alinhamento \u00e0 agenda de reforma da governan\u00e7a global, inclusive do Conselho de Seguran\u00e7a da ONU, rejei\u00e7\u00e3o a san\u00e7\u00f5es n\u00e3o autorizadas pelas Na\u00e7\u00f5es Unidas no \u00e2mbito do conselho, e rela\u00e7\u00f5es &#8220;amig\u00e1veis&#8221; com todos os membros.\n<\/p>\n<div class=\"article-paragraph\">\n<p>Brasil e Venezuela retomaram as rela\u00e7\u00f5es bilaterais em janeiro de 2023, depois da ruptura diplom\u00e1tica ocorrida em 2019 pelo reconhecimento de Bolsonaro ao opositor Juan Guaid\u00f3 como presidente interino, mas a rela\u00e7\u00e3o de Lula e Maduro ficou tensa ap\u00f3s as elei\u00e7\u00f5es presidenciais da Venezuela.\n<\/p>\n<\/div>\n<div class=\"article-paragraph\">\n<p>O petista tem insistido que o processo eleitoral n\u00e3o foi correto e, por isso, at\u00e9 agora n\u00e3o reconheceu os resultados. Quando manifestou preocupa\u00e7\u00e3o sobre a escalada de autoridade de Maduro, o ditador venezuelano, em indireta a Lula, mandou os preocupados &#8220;tomarem ch\u00e1 de camomila&#8221;.\n<\/p>\n<\/div>\n<div class=\"article-paragraph\">\n<p>Mais recentemente, o procurador-geral da Venezuela, Tarek William Saab, lan\u00e7ou acusa\u00e7\u00f5es infundadas de que Lula, bem como o presidente do Chile, Gabriel Boric, seria a agente cooptado pela CIA, dos Estados Unidos.\n<\/p>\n<\/div>\n<div class=\"article-paragraph\">\n<p>J\u00e1 com a Nicar\u00e1gua, as rela\u00e7\u00f5es azedaram desde o ano passado, mas a crise chegou ao pior ponto em agosto, depois de o governo sandinista de Daniel Ortega expulsar o embaixador brasileiro. Em resposta, o Brasil expulsou a embaixadora nicaraguense do Pa\u00eds.\n<\/p>\n<\/div>\n<div class=\"article-paragraph\">\n<p>O ditador entendeu que o Brasil boicotou a cerim\u00f4nia de celebra\u00e7\u00e3o dos 45 anos da Revolu\u00e7\u00e3o Sandinista porque o petista n\u00e3o enviou seu representante no pa\u00eds ao convescote na Pra\u00e7a da F\u00e9, em 19 de julho passado.\u00a0<\/p>\n<p>Fonte: Estad\u00e3o\n<\/p>\n<\/div>\n<\/div>\n<p><br \/>\n<br \/><a href=\"https:\/\/diariodobrasilnoticias.com.br\/noticia\/venezuela-considera-o-veto-do-brasil-a-sua-entrada-no-brics-um-gesto-hostil-e-uma-agressao-671b6b04838fd\">Source link <\/a><\/p>","protected":false},"excerpt":{"rendered":"<p>&#8220;A Venezuela contou com o respaldo e apoio dos pa\u00edses participantes nesta c\u00fapula para a formaliza\u00e7\u00e3o de sua entrada neste mecanismo de integra\u00e7\u00e3o, mas a representa\u00e7\u00e3o da chancelaria brasileira, liderada&hellip;<\/p>","protected":false},"author":1,"featured_media":51810,"comment_status":"closed","ping_status":"open","sticky":false,"template":"","format":"standard","meta":{"content-type":"","footnotes":""},"categories":[16],"tags":[123,2448,5313,1267],"class_list":["post-51809","post","type-post","status-publish","format-standard","has-post-thumbnail","hentry","category-noticias","tag-brasil","tag-diario","tag-noticia","tag-noticias"],"_links":{"self":[{"href":"https:\/\/tvbrazilusa.com\/pt\/wp-json\/wp\/v2\/posts\/51809","targetHints":{"allow":["GET"]}}],"collection":[{"href":"https:\/\/tvbrazilusa.com\/pt\/wp-json\/wp\/v2\/posts"}],"about":[{"href":"https:\/\/tvbrazilusa.com\/pt\/wp-json\/wp\/v2\/types\/post"}],"author":[{"embeddable":true,"href":"https:\/\/tvbrazilusa.com\/pt\/wp-json\/wp\/v2\/users\/1"}],"replies":[{"embeddable":true,"href":"https:\/\/tvbrazilusa.com\/pt\/wp-json\/wp\/v2\/comments?post=51809"}],"version-history":[{"count":1,"href":"https:\/\/tvbrazilusa.com\/pt\/wp-json\/wp\/v2\/posts\/51809\/revisions"}],"predecessor-version":[{"id":51811,"href":"https:\/\/tvbrazilusa.com\/pt\/wp-json\/wp\/v2\/posts\/51809\/revisions\/51811"}],"wp:featuredmedia":[{"embeddable":true,"href":"https:\/\/tvbrazilusa.com\/pt\/wp-json\/wp\/v2\/media\/51810"}],"wp:attachment":[{"href":"https:\/\/tvbrazilusa.com\/pt\/wp-json\/wp\/v2\/media?parent=51809"}],"wp:term":[{"taxonomy":"category","embeddable":true,"href":"https:\/\/tvbrazilusa.com\/pt\/wp-json\/wp\/v2\/categories?post=51809"},{"taxonomy":"post_tag","embeddable":true,"href":"https:\/\/tvbrazilusa.com\/pt\/wp-json\/wp\/v2\/tags?post=51809"}],"curies":[{"name":"wp","href":"https:\/\/api.w.org\/{rel}","templated":true}]}}