{"id":51821,"date":"2024-10-25T12:59:21","date_gmt":"2024-10-25T12:59:21","guid":{"rendered":"https:\/\/tvbrazilusa.com\/2024\/10\/25\/pelo-quarto-dia-trabalhadores-se-reunem-em-massa-para-cancelar-o-imposto-sindical\/"},"modified":"2024-10-25T12:59:22","modified_gmt":"2024-10-25T12:59:22","slug":"pelo-quarto-dia-trabalhadores-se-reunem-em-massa-para-cancelar-o-imposto-sindical","status":"publish","type":"post","link":"https:\/\/tvbrazilusa.com\/pt\/2024\/10\/25\/pelo-quarto-dia-trabalhadores-se-reunem-em-massa-para-cancelar-o-imposto-sindical\/","title":{"rendered":"Pelo quarto dia, trabalhadores se re\u00fanem em massa para cancelar o imposto sindical"},"content":{"rendered":"<p> <script async src=\"https:\/\/pagead2.googlesyndication.com\/pagead\/js\/adsbygoogle.js?client=ca-pub-8864793242727901\"\r\n     crossorigin=\"anonymous\"><\/script><br \/>\n<\/p>\n<div id=\"taboola-read-more\" style=\"display:block; width:100%\">\n<p>Pelo quarto dia seguido, trabalhadores foram \u00e0 porta do Sindicato dos Trabalhadores em Entidades de Assist\u00eancia e Educa\u00e7\u00e3o \u00e0 Crian\u00e7a, ao Adolescente e \u00e0 Fam\u00edlia do Estado de S\u00e3o Paulo (Sitraemfa) para solicitar o cancelamento do imposto sindical.\n<\/p>\n<p>Esta sexta-feira (25\/10) \u00e9 o \u00faltimo dia para que os trabalhadores vinculados ao sindicato solicitem a isen\u00e7\u00e3o da contribui\u00e7\u00e3o sindical, com o prazo aberto desde o in\u00edcio da semana. Por essa raz\u00e3o, dezenas de pessoas j\u00e1 chegaram \u00e0 sede do sindicato, que fica na Rua Tamandar\u00e9, no bairro da Liberdade, formando filas antes do in\u00edcio dos atendimento, \u00e0s 9h.<\/p>\n<p>H\u00e1 quatro dias, muitos t\u00eam encontrado dificuldades no cancelamento on-line, e procuraram a sede para realizar o servi\u00e7o presencialmente. Por volta de 14h da \u00faltima ter\u00e7a-feira (23\/10), a Pol\u00edcia Militar foi acionada para monitorar uma manifesta\u00e7\u00e3o de professores em frente ao sindicato, que exigiam o fim da contribui\u00e7\u00e3o, segundo informa\u00e7\u00f5es da Secretaria da Seguran\u00e7a P\u00fablica.\n<\/p>\n<p>O imposto sindical, pago uma vez ao ano, equivale a um dia de trabalho (1\/30 da remunera\u00e7\u00e3o mensal). Desde a reforma trabalhista de 2017, essa taxa deixou de ser obrigat\u00f3ria e \u00e9 opcional para trabalhadores que solicitarem formalmente o cancelamento.\n<\/p>\n<p>Nas redes sociais, trabalhadores reclamaram de problemas no atendimento presencial e da dificuldade em cancelar a contribui\u00e7\u00e3o on-line. O Metr\u00f3poles busca contato com o Sitraemfa para esclarecimentos desde quarta-feira, mas n\u00e3o obteve resposta at\u00e9 o fechamento desta mat\u00e9ria.<\/p>\n<p>Fonte: Agora Not\u00edcias              <\/p>\n<\/div>\n<p><br \/>\n<br \/><a href=\"https:\/\/diariodobrasilnoticias.com.br\/noticia\/pelo-quarto-dia-trabalhadores-se-reunem-em-massa-para-cancelar-o-imposto-sindical-671b883521099\">Source link <\/a><\/p>","protected":false},"excerpt":{"rendered":"<p>Pelo quarto dia seguido, trabalhadores foram \u00e0 porta do Sindicato dos Trabalhadores em Entidades de Assist\u00eancia e Educa\u00e7\u00e3o \u00e0 Crian\u00e7a, ao Adolescente e \u00e0 Fam\u00edlia do Estado de S\u00e3o Paulo&hellip;<\/p>","protected":false},"author":1,"featured_media":51822,"comment_status":"closed","ping_status":"open","sticky":false,"template":"","format":"standard","meta":{"content-type":"","footnotes":""},"categories":[16],"tags":[123,2448,5313,1267],"class_list":["post-51821","post","type-post","status-publish","format-standard","has-post-thumbnail","hentry","category-noticias","tag-brasil","tag-diario","tag-noticia","tag-noticias"],"_links":{"self":[{"href":"https:\/\/tvbrazilusa.com\/pt\/wp-json\/wp\/v2\/posts\/51821","targetHints":{"allow":["GET"]}}],"collection":[{"href":"https:\/\/tvbrazilusa.com\/pt\/wp-json\/wp\/v2\/posts"}],"about":[{"href":"https:\/\/tvbrazilusa.com\/pt\/wp-json\/wp\/v2\/types\/post"}],"author":[{"embeddable":true,"href":"https:\/\/tvbrazilusa.com\/pt\/wp-json\/wp\/v2\/users\/1"}],"replies":[{"embeddable":true,"href":"https:\/\/tvbrazilusa.com\/pt\/wp-json\/wp\/v2\/comments?post=51821"}],"version-history":[{"count":1,"href":"https:\/\/tvbrazilusa.com\/pt\/wp-json\/wp\/v2\/posts\/51821\/revisions"}],"predecessor-version":[{"id":51823,"href":"https:\/\/tvbrazilusa.com\/pt\/wp-json\/wp\/v2\/posts\/51821\/revisions\/51823"}],"wp:featuredmedia":[{"embeddable":true,"href":"https:\/\/tvbrazilusa.com\/pt\/wp-json\/wp\/v2\/media\/51822"}],"wp:attachment":[{"href":"https:\/\/tvbrazilusa.com\/pt\/wp-json\/wp\/v2\/media?parent=51821"}],"wp:term":[{"taxonomy":"category","embeddable":true,"href":"https:\/\/tvbrazilusa.com\/pt\/wp-json\/wp\/v2\/categories?post=51821"},{"taxonomy":"post_tag","embeddable":true,"href":"https:\/\/tvbrazilusa.com\/pt\/wp-json\/wp\/v2\/tags?post=51821"}],"curies":[{"name":"wp","href":"https:\/\/api.w.org\/{rel}","templated":true}]}}