{"id":51824,"date":"2024-10-25T13:15:21","date_gmt":"2024-10-25T13:15:21","guid":{"rendered":"https:\/\/tvbrazilusa.com\/2024\/10\/25\/estadao-critica-o-governo-camarada-de-lula-por-destinar-dinheiro-publico-a-artistas\/"},"modified":"2024-10-25T13:15:23","modified_gmt":"2024-10-25T13:15:23","slug":"estadao-critica-o-governo-camarada-de-lula-por-destinar-dinheiro-publico-a-artistas","status":"publish","type":"post","link":"https:\/\/tvbrazilusa.com\/pt\/2024\/10\/25\/estadao-critica-o-governo-camarada-de-lula-por-destinar-dinheiro-publico-a-artistas\/","title":{"rendered":"Estad\u00e3o critica o &#8216;governo camarada&#8217; de Lula por destinar dinheiro p\u00fablico a artistas"},"content":{"rendered":"<p> <script async src=\"https:\/\/pagead2.googlesyndication.com\/pagead\/js\/adsbygoogle.js?client=ca-pub-8864793242727901\"\r\n     crossorigin=\"anonymous\"><\/script><br \/>\n<\/p>\n<div id=\"taboola-read-more\" style=\"display:block; width:100%\">\n<p>O \u201cgoverno camarada\u201d de Luiz In\u00e1cio Lula da Silva tem usado o Programa Nacional dos Comit\u00eas de Cultura (PNCC) para distribuir quase R$ 60 milh\u00f5es de recursos p\u00fablicos a determinados artistas e produtores culturais. Com isso, o chamado \u201cfomento \u00e0 cultura\u201d tornou-se uma esp\u00e9cie de retribui\u00e7\u00e3o ao engajamento ideol\u00f3gico ao lulopetismo. \u00c9 o que afirma o editorial de opini\u00e3o do jornal O Estado de S. Paulo desta sexta-feira, 25.\n<\/p>\n<p>A publica\u00e7\u00e3o denuncia alguns casos relacionados ao Minist\u00e9rio da Cultura, de Margareth Menezes, que criou o PNCC em 2023. De acordo com o texto, s\u00e3o 27 comit\u00eas de cultura no Brasil. No DF, o programa beneficia a Associa\u00e7\u00e3o Art\u00edstica Mapati, cujo vice-presidente era Yuri Soares Franco, secret\u00e1rio de Cultura do PT-DF.<\/p>\n<p>Pouco tempo depois da posse de Lula, Franco ingressou na Secretaria Executiva do MinC.\n<\/p>\n<p>\u201cAt\u00e9 o momento, a ONG da qual o assessor era um dos diretores j\u00e1 recebeu R$ 486 mil de um total de R$ 2 milh\u00f5es em verbas da pasta a serem repassados at\u00e9 setembro do ano que vem\u201d, informou o Estad\u00e3o.\n<\/p>\n<p>Outro caso \u201cainda mais estarrecedor\u201d envolve o comit\u00ea de cultura do Paran\u00e1. O que ocorre l\u00e1, de acordo com o jornal, \u00e9 a suspeita de favorecimento financeiro da ONG Soylocoporti, dirigida pelo petista Jo\u00e3o Paulo Mehl. Essa mesma organiza\u00e7\u00e3o foi transformada em plataforma pol\u00edtico-eleitoral para lan\u00e7amento da pr\u00e9-candidatura de Mehl para vereador em Curitiba, pelo PT.\n<\/p>\n<p>\u201cAl\u00e9m do apoio da presidente do partido, Gleisi Hoffmann, Mehl contou com Margareth Menezes em pessoa no evento institucional, transformado em com\u00edcio\u201d, revelou o editorial.\n<\/p>\n<p><strong>Manobras do governo Lula \u2018n\u00e3o surpreendem ningu\u00e9m\u2019<\/strong><br \/>O Estad\u00e3o diz que essas manobras do governo Lula n\u00e3o surpreendem rigorosamente ningu\u00e9m. No entanto, n\u00e3o deixa de ser \u201cescandalosa\u201d toda essa manipula\u00e7\u00e3o de uma pol\u00edtica p\u00fablica para privilegiar alguns \u201ca partir de seu grau de afinidade com o governo\u201d.\n<\/p>\n<p>\u201cSe a cultura deve ser um meio de express\u00e3o plural, abrangendo as m\u00faltiplas vozes e manifesta\u00e7\u00f5es da sociedade, o que se v\u00ea na distribui\u00e7\u00e3o de verbas por meio do Programa Nacional dos Comit\u00eas de Cultura \u00e9 o exato oposto\u201d, conclui o jornal.<\/p>\n<p>Fonte: Revista Oeste              <\/p>\n<\/div>\n<p><br \/>\n<br \/><a href=\"https:\/\/diariodobrasilnoticias.com.br\/noticia\/estadao-critica-o-governo-camarada-de-lula-por-destinar-dinheiro-publico-a-artistas-671b7deed02e8\">Source link <\/a><\/p>","protected":false},"excerpt":{"rendered":"<p>O \u201cgoverno camarada\u201d de Luiz In\u00e1cio Lula da Silva tem usado o Programa Nacional dos Comit\u00eas de Cultura (PNCC) para distribuir quase R$ 60 milh\u00f5es de recursos p\u00fablicos a determinados&hellip;<\/p>","protected":false},"author":1,"featured_media":51825,"comment_status":"closed","ping_status":"open","sticky":false,"template":"","format":"standard","meta":{"content-type":"","footnotes":""},"categories":[16],"tags":[123,2448,5313,1267],"class_list":["post-51824","post","type-post","status-publish","format-standard","has-post-thumbnail","hentry","category-noticias","tag-brasil","tag-diario","tag-noticia","tag-noticias"],"_links":{"self":[{"href":"https:\/\/tvbrazilusa.com\/pt\/wp-json\/wp\/v2\/posts\/51824","targetHints":{"allow":["GET"]}}],"collection":[{"href":"https:\/\/tvbrazilusa.com\/pt\/wp-json\/wp\/v2\/posts"}],"about":[{"href":"https:\/\/tvbrazilusa.com\/pt\/wp-json\/wp\/v2\/types\/post"}],"author":[{"embeddable":true,"href":"https:\/\/tvbrazilusa.com\/pt\/wp-json\/wp\/v2\/users\/1"}],"replies":[{"embeddable":true,"href":"https:\/\/tvbrazilusa.com\/pt\/wp-json\/wp\/v2\/comments?post=51824"}],"version-history":[{"count":1,"href":"https:\/\/tvbrazilusa.com\/pt\/wp-json\/wp\/v2\/posts\/51824\/revisions"}],"predecessor-version":[{"id":51826,"href":"https:\/\/tvbrazilusa.com\/pt\/wp-json\/wp\/v2\/posts\/51824\/revisions\/51826"}],"wp:featuredmedia":[{"embeddable":true,"href":"https:\/\/tvbrazilusa.com\/pt\/wp-json\/wp\/v2\/media\/51825"}],"wp:attachment":[{"href":"https:\/\/tvbrazilusa.com\/pt\/wp-json\/wp\/v2\/media?parent=51824"}],"wp:term":[{"taxonomy":"category","embeddable":true,"href":"https:\/\/tvbrazilusa.com\/pt\/wp-json\/wp\/v2\/categories?post=51824"},{"taxonomy":"post_tag","embeddable":true,"href":"https:\/\/tvbrazilusa.com\/pt\/wp-json\/wp\/v2\/tags?post=51824"}],"curies":[{"name":"wp","href":"https:\/\/api.w.org\/{rel}","templated":true}]}}