{"id":51848,"date":"2024-10-25T14:13:49","date_gmt":"2024-10-25T14:13:49","guid":{"rendered":"https:\/\/tvbrazilusa.com\/2024\/10\/25\/familia-de-educadores-tem-dividas-com-irmas-franciscanas-rejeitar-o-plano-de-desvio-do-parque-de-north-bergen-cartas\/"},"modified":"2024-10-25T14:33:09","modified_gmt":"2024-10-25T14:33:09","slug":"familia-de-educadores-tem-dividas-com-irmas-franciscanas-rejeitar-o-plano-de-desvio-do-parque-de-north-bergen-cartas","status":"publish","type":"post","link":"https:\/\/tvbrazilusa.com\/pt\/2024\/10\/25\/familia-de-educadores-tem-dividas-com-irmas-franciscanas-rejeitar-o-plano-de-desvio-do-parque-de-north-bergen-cartas\/","title":{"rendered":"Fam\u00edlia de educadores tem d\u00edvidas com Irm\u00e3s Franciscanas; Rejeitar o plano de \u201cdesvio\u201d do parque de North Bergen | Cartas"},"content":{"rendered":"<p> <script async src=\"https:\/\/pagead2.googlesyndication.com\/pagead\/js\/adsbygoogle.js?client=ca-pub-8864793242727901\"\r\n     crossorigin=\"anonymous\"><\/script><br \/>\n<br \/><img fetchpriority=\"high\" decoding=\"async\" src=\"https:\/\/www.nj.com\/resizer\/v2\/WSJSDJAPE5EK7FEO52DQ2EOHZQ.JPG?width=5516&#038;height=3682&#038;auth=03b5a29a945dd122499e23cdab12f20935f4c889c49f3bde3d4960171d34188d&#038;smart=true\" alt=\"A Academia S\u00e3o Francisco em Union City, vista em 15 de outubro de 2024, est\u00e1 comemorando seu 65\u00ba anivers\u00e1rio este ano. (Reena Rose Sibayan | The Jersey Journal)\" height=\"1200\" width=\"5516\" \/><img decoding=\"async\" src=\"https:\/\/www.nj.com\/resizer\/v2\/AXPLDPYDBNFUXOUFYKGRXROIAE.JPG?width=5964&#038;height=3981&#038;auth=cedbdd5211700571bb00ef6b7c03dd5af8b2a2f34d0b6b00fee79eacf2ac3d52&#038;smart=true\" alt=\"Erin McNamara leciona para alunos do ensino pr\u00e9-escolar na St. Francis Academy em Union City em 15 de outubro de 2024. A escola est\u00e1 comemorando seu 65\u00ba anivers\u00e1rio este ano. (Reena Rose Sibayan | The Jersey Journal)\" height=\"1200\" width=\"5964\" \/><img decoding=\"async\" src=\"https:\/\/www.nj.com\/resizer\/v2\/LXWSU3LXSBFP7KW7FQBBC4DXD4.JPG?width=6016&#038;height=4016&#038;auth=379c6f09fa85dbd32a44229ec5e239693d38acbd00c216dfb3f5c734fdf89271&#038;smart=true\" alt=\"Uma aula do jardim de inf\u00e2ncia na St. Francis Academy em Union City em 15 de outubro de 2024. A escola est\u00e1 comemorando seu 65\u00ba anivers\u00e1rio este ano. (Reena Rose Sibayan | The Jersey Journal)\" height=\"1200\" width=\"6016\" \/><img loading=\"lazy\" decoding=\"async\" src=\"https:\/\/www.nj.com\/resizer\/v2\/KOYE4PWDSBHIRPUCBH2IK3KGMQ.JPG?width=5895&#038;height=3935&#038;auth=1d00ab245892cc7f7f5a2aba510e169091a5c76180affd24037bb4efbac12eb1&#038;smart=true\" alt=\"O instrutor de instrumentos Aaron Pratt d\u00e1 aos alunos da quarta s\u00e9rie sua primeira aula de clarinete na St. Francis Academy em Union City em 15 de outubro de 2024. A escola est\u00e1 comemorando seu 65\u00ba anivers\u00e1rio este ano. (Reena Rose Sibayan | The Jersey Journal)\" height=\"1200\" width=\"5895\" \/><img loading=\"lazy\" decoding=\"async\" src=\"https:\/\/www.nj.com\/resizer\/v2\/WA7ZFWB2ONG4JGIME36F4YW3OU.JPG?width=5763&#038;height=3847&#038;auth=867f183052ee030d2a4a0d60853c6900e7d1b4e36ae52253ed0edb24bd12cfe4&#038;smart=true\" alt=\"A Diretora de Admiss\u00f5es Jane Valente, \u00e0 esquerda, e a Diretora Deborah Savage com membros do conselho estudantil da St. Francis Academy em Union City em 15 de outubro de 2024. A escola est\u00e1 comemorando seu 65\u00ba anivers\u00e1rio este ano. (Reena Rose Sibayan | The Jersey Journal)\" height=\"1200\" width=\"5763\" \/><img loading=\"lazy\" decoding=\"async\" src=\"https:\/\/www.nj.com\/resizer\/v2\/TGGJHYLC4NG33EGN4XX2PSBJHY.JPG?width=5795&#038;height=3868&#038;auth=22feec928b236b5d7ba6c7d1dec3d0e03094e283b0c9f6fa3c2f8cdcde5f61fa&#038;smart=true\" alt=\"Siri Ojamaa, \u00e0 esquerda, e Kate Facchini, \u00e0 direita, com meias que ajudaram a recolher para um passeio com a colega da oitava s\u00e9rie Cecilia Kuhn (n\u00e3o na foto) na St. Francis Academy em Union City em 15 de outubro de 2024. A escola est\u00e1 comemorando seu 65\u00ba anivers\u00e1rio anivers\u00e1rio este ano. (Reena Rose Sibayan | The Jersey Journal)\" height=\"1200\" width=\"5795\" \/><img loading=\"lazy\" decoding=\"async\" src=\"https:\/\/www.nj.com\/resizer\/v2\/KFB3F3HPDRCMVOWHANLALTIVEI.JPG?width=5444&#038;height=3634&#038;auth=8a9f0c96731384d87321a0b5c0ccf3e9fa9e2d9205b7b0ddfb8a27bc900f650d&#038;smart=true\" alt=\"A partir da esquerda, a Diretora de Admiss\u00f5es Jane Valente, a Diretora Deborah Savage e a Diretora de Finan\u00e7as Lucy Gonzalez na capela da St. Francis Academy em Union City em 15 de outubro de 2024. A escola est\u00e1 comemorando seu 65\u00ba anivers\u00e1rio este ano. (Reena Rose Sibayan | The Jersey Journal)\" height=\"1200\" width=\"5444\" \/><img loading=\"lazy\" decoding=\"async\" src=\"https:\/\/www.nj.com\/resizer\/v2\/G3A4DBVIT5ERBOGSZBPD5CLN6Y.JPG?width=4029&#038;height=3163&#038;auth=a57dd29eb3c864acd8091ca652cbfd0c5cbb6c743e795c824d77c8f4f93b9446&#038;smart=true\" alt=\"A St. Francis Academy em Union City est\u00e1 comemorando seu 65\u00ba anivers\u00e1rio com uma gala em 18 de outubro de 2024. Esta fotografia mostra uma das homenageadas da gala, Irm\u00e3 Una Toomey, quando ela fez seus votos finais. (Cortesia da Academia St. Fancis)\" height=\"1200\" width=\"4029\" \/><img loading=\"lazy\" decoding=\"async\" src=\"https:\/\/www.nj.com\/resizer\/v2\/CKDBD2ASPZFR3HFDY32RFIN5SU.JPG?width=4347&#038;height=3415&#038;auth=2ad99aec505c01b4cb8f86d16bf84945146805cb851384f245df20adaee5b03d&#038;smart=true\" alt=\"A Academia S\u00e3o Francisco em Union City est\u00e1 comemorando seu 65\u00ba anivers\u00e1rio com uma gala em 18 de outubro de 2024. Esta fotografia mostra as Irm\u00e3s Franciscanas Mission\u00e1rias da Imaculada Concei\u00e7\u00e3o - incluindo a Irm\u00e3 Una Toomey, \u00e0 direita, uma das homenageadas da gala - tomando seus votos finais. (Cortesia da Academia St. Fancis)\" height=\"1200\" width=\"4347\" \/><img loading=\"lazy\" decoding=\"async\" src=\"https:\/\/www.nj.com\/resizer\/v2\/Z7HAMRLC2ZCDLNEDM5SXLNZON4.JPG?width=3332&#038;height=4235&#038;auth=f75d5d0a1105c727b4bfaea0abac9c34c0ddb1aee17b09c7a2ab61a1250cc5f5&#038;smart=true\" alt=\"A Academia S\u00e3o Francisco em Union City est\u00e1 comemorando seu 65\u00ba anivers\u00e1rio com uma gala em 18 de outubro de 2024. Esta fotografia mostra as Irm\u00e3s Franciscanas Mission\u00e1rias da Imaculada Concei\u00e7\u00e3o - incluindo a Irm\u00e3 Una Toomey, \u00e0 direita, uma das homenageadas da gala - quando eles fizeram seus votos finais. (Cortesia da Academia St. Fancis)\" height=\"1200\" width=\"3332\" \/><img loading=\"lazy\" decoding=\"async\" src=\"https:\/\/www.nj.com\/resizer\/v2\/L57DYQYR4ZBLLJYMQQ3J7CODVI.JPG?width=4632&#038;height=3497&#038;auth=e5afe7daf66de58c45c9ffc554187eb1509fec8cd6f26c44fb8b09cbee8b323f&#038;smart=true\" alt=\"A St. Francis Academy em Union City est\u00e1 comemorando seu 65\u00ba anivers\u00e1rio com uma gala em 18 de outubro de 2024. Esta fotografia mostra a primeira turma de formandos em 1968. (Cortesia da St. Fancis Academy)\" height=\"1200\" width=\"4632\" \/><img loading=\"lazy\" decoding=\"async\" src=\"https:\/\/www.nj.com\/resizer\/v2\/55HFVBXZFJA5PDGFXYRIGVMKEM.JPG?width=4256&#038;height=3374&#038;auth=2f6f5555be596cf875cf7eabb595e779b06f27d509d2c7397251c78cb79bcb7b&#038;smart=true\" alt=\"A St. Francis Academy em Union City est\u00e1 comemorando seu 65\u00ba anivers\u00e1rio com uma gala em 18 de outubro de 2024. Esta fotografia mostra membros da Guilda das M\u00e3es de 1964. (Cortesia da Academia St. Fancis)\" height=\"1200\" width=\"4256\" \/><\/p>\n<p><b>O legado de S\u00e3o Francisco perdura<\/b><\/p>\n<p><br \/>\n<br \/><a href=\"https:\/\/www.nj.com\/opinion\/2024\/10\/family-of-educators-owes-debt-to-franciscan-sisters-reject-north-bergens-park-diversion-plan-letters.html\">Source link <\/a><\/p>","protected":false},"excerpt":{"rendered":"<p>O legado de S\u00e3o Francisco perdura Source link<\/p>","protected":false},"author":1,"featured_media":51849,"comment_status":"closed","ping_status":"open","sticky":false,"template":"","format":"standard","meta":{"content-type":"","footnotes":""},"categories":[1],"tags":[29592],"class_list":["post-51848","post","type-post","status-publish","format-standard","has-post-thumbnail","hentry","category-uncategorized","tag-cidade-sindicato"],"_links":{"self":[{"href":"https:\/\/tvbrazilusa.com\/pt\/wp-json\/wp\/v2\/posts\/51848","targetHints":{"allow":["GET"]}}],"collection":[{"href":"https:\/\/tvbrazilusa.com\/pt\/wp-json\/wp\/v2\/posts"}],"about":[{"href":"https:\/\/tvbrazilusa.com\/pt\/wp-json\/wp\/v2\/types\/post"}],"author":[{"embeddable":true,"href":"https:\/\/tvbrazilusa.com\/pt\/wp-json\/wp\/v2\/users\/1"}],"replies":[{"embeddable":true,"href":"https:\/\/tvbrazilusa.com\/pt\/wp-json\/wp\/v2\/comments?post=51848"}],"version-history":[{"count":1,"href":"https:\/\/tvbrazilusa.com\/pt\/wp-json\/wp\/v2\/posts\/51848\/revisions"}],"predecessor-version":[{"id":51850,"href":"https:\/\/tvbrazilusa.com\/pt\/wp-json\/wp\/v2\/posts\/51848\/revisions\/51850"}],"wp:featuredmedia":[{"embeddable":true,"href":"https:\/\/tvbrazilusa.com\/pt\/wp-json\/wp\/v2\/media\/51849"}],"wp:attachment":[{"href":"https:\/\/tvbrazilusa.com\/pt\/wp-json\/wp\/v2\/media?parent=51848"}],"wp:term":[{"taxonomy":"category","embeddable":true,"href":"https:\/\/tvbrazilusa.com\/pt\/wp-json\/wp\/v2\/categories?post=51848"},{"taxonomy":"post_tag","embeddable":true,"href":"https:\/\/tvbrazilusa.com\/pt\/wp-json\/wp\/v2\/tags?post=51848"}],"curies":[{"name":"wp","href":"https:\/\/api.w.org\/{rel}","templated":true}]}}