{"id":51857,"date":"2024-10-25T14:55:55","date_gmt":"2024-10-25T14:55:55","guid":{"rendered":"https:\/\/tvbrazilusa.com\/2024\/10\/25\/viuva-de-maguila-compartilha-como-foram-os-ultimos-momentos-do-ex-pugilista\/"},"modified":"2024-10-25T14:55:56","modified_gmt":"2024-10-25T14:55:56","slug":"viuva-de-maguila-compartilha-como-foram-os-ultimos-momentos-do-ex-pugilista","status":"publish","type":"post","link":"https:\/\/tvbrazilusa.com\/pt\/2024\/10\/25\/viuva-de-maguila-compartilha-como-foram-os-ultimos-momentos-do-ex-pugilista\/","title":{"rendered":"Vi\u00fava de Maguila compartilha como foram os \u00faltimos momentos do ex-pugilista"},"content":{"rendered":"<p> <script async src=\"https:\/\/pagead2.googlesyndication.com\/pagead\/js\/adsbygoogle.js?client=ca-pub-8864793242727901\"\r\n     crossorigin=\"anonymous\"><\/script><br \/>\n<\/p>\n<div id=\"taboola-read-more\" style=\"display:block; width:100%\">\n<p>Jos\u00e9 Adilson Rodrigues dos Santos, mais conhecido como Maguila, foi uma figura emblem\u00e1tica no boxe brasileiro. Al\u00e9m de suas conquistas esportivas, sua trajet\u00f3ria destacou uma quest\u00e3o importante: os efeitos debilitantes das les\u00f5es cerebrais em atletas de esportes de contato. Maguila faleceu aos 66 anos, v\u00edtima da Encefalopatia Traum\u00e1tica Cr\u00f4nica (ETC), uma condi\u00e7\u00e3o degenerativa que marcou seus \u00faltimos anos.\n<\/p>\n<p>A ETC \u00e9 uma doen\u00e7a neurol\u00f3gica progressiva, frequentemente comparada ao Alzheimer. Resultante de pancadas repetidas na cabe\u00e7a, ela tem afetado diversos atletas que praticam esportes de alto impacto. O caso de Maguila exemplifica os desafios enfrentados por aqueles diagnosticados com esta condi\u00e7\u00e3o. Sua vi\u00fava, Irani Pinheiro, destacou as dificuldades enfrentadas na conviv\u00eancia com os sintomas agressivos associados \u00e0 doen\u00e7a.<\/p>\n<p><strong>O que \u00e9 a Encefalopatia Traum\u00e1tica Cr\u00f4nica (ETC)?<\/strong>\n<\/p>\n<p>A Encefalopatia Traum\u00e1tica Cr\u00f4nica \u00e9 uma condi\u00e7\u00e3o cerebral incur\u00e1vel, desenvolvida ap\u00f3s repetidos traumatismos cranianos. Caracterizada por sintomas como perda de mem\u00f3ria, confus\u00e3o mental, e altera\u00e7\u00f5es comportamentais, a ETC \u00e9 uma preocupa\u00e7\u00e3o crescente nos esportes de contato. Os golpes na cabe\u00e7a, comuns em atividades como o boxe e o futebol americano, s\u00e3o os principais respons\u00e1veis pela sua manifesta\u00e7\u00e3o.\n<\/p>\n<p><strong>Como a ETC afetou a vida de Maguila?<\/strong><br \/>Maguila, \u00edcone do boxe brasileiro, n\u00e3o foi poupado dos efeitos devastadores da ETC. Nos \u00faltimos anos, ele apresentou sintomas que o tornaram agressivo e psicoticamente inst\u00e1vel. Irani Pinheiro, sua esposa h\u00e1 mais de quatro d\u00e9cadas, revelou que embora o diagn\u00f3stico tenha sido dif\u00edcil, ela preferiu permanecer ao lado dele, prestando os cuidados necess\u00e1rios durante as fases mais cr\u00edticas da doen\u00e7a.\n<\/p>\n<p><strong>Quais s\u00e3o as dificuldades enfrentadas pelos cuidadores?<\/strong><br \/>Cuidar de algu\u00e9m com ETC \u00e9 um desafio significativo. Irani compartilhou que, al\u00e9m das flutua\u00e7\u00f5es emocionais de Maguila, havia um estigma associado ao seu status de esposa de um \u00edcone esportivo debilitado. Mesmo assim, ela escolheu a resili\u00eancia e o amor para enfrentar o dia a dia, acreditando que a for\u00e7a vinha de uma dimens\u00e3o espiritual mais elevada. Este relato destaca a necessidade de apoio psicol\u00f3gico e comunit\u00e1rio para cuidadores que enfrentam condi\u00e7\u00f5es semelhantes.\n<\/p>\n<p><strong>Quais s\u00e3o as implica\u00e7\u00f5es da ETC para o futuro dos esportes de contato?<\/strong><br \/>A morte de Maguila e seu diagn\u00f3stico de ETC suscitam quest\u00f5es sobre a seguran\u00e7a no boxe e em outros esportes de contato. M\u00e9dicos e organiza\u00e7\u00f5es esportivas continuam a investigar maneiras de proteger os atletas, implementando regulamentos mais rigorosos para prevenir concuss\u00f5es e outras les\u00f5es cerebrais. O caso dele serve como um alerta e uma chamada por mudan\u00e7as, visando garantir melhor qualidade de vida para os atletas durante e ap\u00f3s suas carreiras.<\/p>\n<p>Fonte: Terra Brasil Not\u00edcias              <\/p>\n<\/div>\n<p><br \/>\n<br \/><a href=\"https:\/\/diariodobrasilnoticias.com.br\/noticia\/viuva-de-maguila-compartilha-como-foram-os-ultimos-momentos-do-ex-pugilista-671b89870f407\">Source link <\/a><\/p>","protected":false},"excerpt":{"rendered":"<p>Jos\u00e9 Adilson Rodrigues dos Santos, mais conhecido como Maguila, foi uma figura emblem\u00e1tica no boxe brasileiro. Al\u00e9m de suas conquistas esportivas, sua trajet\u00f3ria destacou uma quest\u00e3o importante: os efeitos debilitantes&hellip;<\/p>","protected":false},"author":1,"featured_media":51858,"comment_status":"closed","ping_status":"open","sticky":false,"template":"","format":"standard","meta":{"content-type":"","footnotes":""},"categories":[16],"tags":[123,2448,5313,1267],"class_list":["post-51857","post","type-post","status-publish","format-standard","has-post-thumbnail","hentry","category-noticias","tag-brasil","tag-diario","tag-noticia","tag-noticias"],"_links":{"self":[{"href":"https:\/\/tvbrazilusa.com\/pt\/wp-json\/wp\/v2\/posts\/51857","targetHints":{"allow":["GET"]}}],"collection":[{"href":"https:\/\/tvbrazilusa.com\/pt\/wp-json\/wp\/v2\/posts"}],"about":[{"href":"https:\/\/tvbrazilusa.com\/pt\/wp-json\/wp\/v2\/types\/post"}],"author":[{"embeddable":true,"href":"https:\/\/tvbrazilusa.com\/pt\/wp-json\/wp\/v2\/users\/1"}],"replies":[{"embeddable":true,"href":"https:\/\/tvbrazilusa.com\/pt\/wp-json\/wp\/v2\/comments?post=51857"}],"version-history":[{"count":1,"href":"https:\/\/tvbrazilusa.com\/pt\/wp-json\/wp\/v2\/posts\/51857\/revisions"}],"predecessor-version":[{"id":51859,"href":"https:\/\/tvbrazilusa.com\/pt\/wp-json\/wp\/v2\/posts\/51857\/revisions\/51859"}],"wp:featuredmedia":[{"embeddable":true,"href":"https:\/\/tvbrazilusa.com\/pt\/wp-json\/wp\/v2\/media\/51858"}],"wp:attachment":[{"href":"https:\/\/tvbrazilusa.com\/pt\/wp-json\/wp\/v2\/media?parent=51857"}],"wp:term":[{"taxonomy":"category","embeddable":true,"href":"https:\/\/tvbrazilusa.com\/pt\/wp-json\/wp\/v2\/categories?post=51857"},{"taxonomy":"post_tag","embeddable":true,"href":"https:\/\/tvbrazilusa.com\/pt\/wp-json\/wp\/v2\/tags?post=51857"}],"curies":[{"name":"wp","href":"https:\/\/api.w.org\/{rel}","templated":true}]}}