{"id":51886,"date":"2024-10-25T16:25:38","date_gmt":"2024-10-25T16:25:38","guid":{"rendered":"https:\/\/tvbrazilusa.com\/2024\/10\/25\/deputado-que-foi-alvo-de-operacao-diz-que-acordou-com-a-pf-esmurrando-a-porta\/"},"modified":"2024-10-25T16:25:39","modified_gmt":"2024-10-25T16:25:39","slug":"deputado-que-foi-alvo-de-operacao-diz-que-acordou-com-a-pf-esmurrando-a-porta","status":"publish","type":"post","link":"https:\/\/tvbrazilusa.com\/pt\/2024\/10\/25\/deputado-que-foi-alvo-de-operacao-diz-que-acordou-com-a-pf-esmurrando-a-porta\/","title":{"rendered":"Deputado que foi alvo de opera\u00e7\u00e3o diz que acordou com a PF esmurrando a porta"},"content":{"rendered":"<p> <script async src=\"https:\/\/pagead2.googlesyndication.com\/pagead\/js\/adsbygoogle.js?client=ca-pub-8864793242727901\"\r\n     crossorigin=\"anonymous\"><\/script><br \/>\n<\/p>\n<p>O deputado federal Gustavo Gayer (PL-GO), alvo de um mandado de busca e apreens\u00e3o nesta sexta-feira (25), disse que acordou com a Pol\u00edcia Federal (PF) \u201cesmurrando\u201d a porta da resid\u00eancia dele \u00e0s 6h.\n<\/p>\n<div id=\"mid2\" data-google-query-id=\"CLGZ8KvVqYkDFS9PuAQdbxAHEQ\">O congressista publicou um v\u00eddeo nas redes sociais em que diz n\u00e3o saber o motivo da investiga\u00e7\u00e3o, uma vez que o inqu\u00e9rito \u00e9 sigiloso.<\/p>\n<p>A Pol\u00edcia Federal realizou, nesta sexta-feira (25), uma opera\u00e7\u00e3o voltada para o combate no suposto desvio de recursos p\u00fablicos por meio de cota parlamentar. Os delitos investigados s\u00e3o: associa\u00e7\u00e3o criminosa, falsidade ideol\u00f3gica, falsifica\u00e7\u00e3o de documento particular e peculato-desvio.<\/p>\n<\/div>\n<div data-google-query-id=\"CLGZ8KvVqYkDFS9PuAQdbxAHEQ\">\u201cEu acordo \u00e0s 6h com a minha porta sendo esmurrada pela Pol\u00edcia Federal. Hoje sofri busca e apreens\u00e3o pela Pol\u00edcia Federal a mando do Alexandre de Moraes. \u00c9 um inqu\u00e9rito sigiloso. O que eu sei at\u00e9 agora \u00e9 que esse inqu\u00e9rito foi aberto no m\u00eas passado. 24 de setembro. N\u00e3o d\u00e1 para saber nada. N\u00e3o d\u00e1 para ter nenhuma informa\u00e7\u00e3o sobre o que se trata\u201d, disse.<\/p>\n<p>A PF tamb\u00e9m investiga falsifica\u00e7\u00e3o de documentos para cria\u00e7\u00e3o de Organiza\u00e7\u00e3o da Sociedade Civil de Interesse P\u00fablico (OSCIP). De acordo com as investiga\u00e7\u00f5es, o objetivo final dos autores era a destina\u00e7\u00e3o de verbas parlamentares em favor desta OSCIP.<\/p>\n<\/div>\n<div data-google-query-id=\"CLGZ8KvVqYkDFS9PuAQdbxAHEQ\">No v\u00eddeo, Gayer afirma que a opera\u00e7\u00e3o tem como objetivo prejudicar Fred Rodrigues (PL), que disputa a prefeitura de Goi\u00e2nia (GO). O deputado est\u00e1 atuando na campanha do candidato.<\/p>\n<p>\u201cVamos ver qual a narrativa que eles v\u00e3o criar. Qual vai ser a desculpa? Qual motivo eles inventaram? Qual a acrobacia jur\u00eddica para, na sexta-feira antes da elei\u00e7\u00e3o do domingo, mandarem a Pol\u00edcia Federal na minha casa\u201d, disse o deputado.<\/p>\n<p>Segundo Gayer, os agentes da PF apreenderam o celular e um HD dele. \u201cEu nunca fiz nada de errado. Nunca cometi nenhum crime, mas estou sendo tratado igual um criminoso pela Pol\u00edcia Federal e pelo Alexandre de Moraes\u201d, afirmou.<\/p>\n<p>Os agentes tamb\u00e9m cumprem mandados contra assessores do deputado. A PF apreendeu cerca de R$ 70 mil na casa de um deles.<\/p>\n<p>Cerca de 60 policiais federais cumprem, ao todo, 19 mandados de busca e apreens\u00e3o, expedidos pelo Supremo Tribunal Federal (STF), em Bras\u00edlia (DF), Cidade Ocidental (GO), Valpara\u00edso de Goi\u00e1s (GO), Aparecida de Goi\u00e2nia (GO), e Goi\u00e2nia (GO).<\/p>\n<p>A CNN procurou a assessoria do deputado e ainda n\u00e3o teve retorno.<\/p>\n<\/div>\n<p><br \/>\n<br \/><a href=\"https:\/\/diariodobrasilnoticias.com.br\/noticia\/deputado-que-foi-alvo-de-operacao-diz-que-acordou-com-a-pf-esmurrando-a-porta-671ba17769468\">Source link <\/a><\/p>","protected":false},"excerpt":{"rendered":"<p>O deputado federal Gustavo Gayer (PL-GO), alvo de um mandado de busca e apreens\u00e3o nesta sexta-feira (25), disse que acordou com a Pol\u00edcia Federal (PF) \u201cesmurrando\u201d a porta da resid\u00eancia&hellip;<\/p>","protected":false},"author":1,"featured_media":51887,"comment_status":"closed","ping_status":"open","sticky":false,"template":"","format":"standard","meta":{"content-type":"","footnotes":""},"categories":[16],"tags":[123,2448,5313,1267],"class_list":["post-51886","post","type-post","status-publish","format-standard","has-post-thumbnail","hentry","category-noticias","tag-brasil","tag-diario","tag-noticia","tag-noticias"],"_links":{"self":[{"href":"https:\/\/tvbrazilusa.com\/pt\/wp-json\/wp\/v2\/posts\/51886","targetHints":{"allow":["GET"]}}],"collection":[{"href":"https:\/\/tvbrazilusa.com\/pt\/wp-json\/wp\/v2\/posts"}],"about":[{"href":"https:\/\/tvbrazilusa.com\/pt\/wp-json\/wp\/v2\/types\/post"}],"author":[{"embeddable":true,"href":"https:\/\/tvbrazilusa.com\/pt\/wp-json\/wp\/v2\/users\/1"}],"replies":[{"embeddable":true,"href":"https:\/\/tvbrazilusa.com\/pt\/wp-json\/wp\/v2\/comments?post=51886"}],"version-history":[{"count":1,"href":"https:\/\/tvbrazilusa.com\/pt\/wp-json\/wp\/v2\/posts\/51886\/revisions"}],"predecessor-version":[{"id":51888,"href":"https:\/\/tvbrazilusa.com\/pt\/wp-json\/wp\/v2\/posts\/51886\/revisions\/51888"}],"wp:featuredmedia":[{"embeddable":true,"href":"https:\/\/tvbrazilusa.com\/pt\/wp-json\/wp\/v2\/media\/51887"}],"wp:attachment":[{"href":"https:\/\/tvbrazilusa.com\/pt\/wp-json\/wp\/v2\/media?parent=51886"}],"wp:term":[{"taxonomy":"category","embeddable":true,"href":"https:\/\/tvbrazilusa.com\/pt\/wp-json\/wp\/v2\/categories?post=51886"},{"taxonomy":"post_tag","embeddable":true,"href":"https:\/\/tvbrazilusa.com\/pt\/wp-json\/wp\/v2\/tags?post=51886"}],"curies":[{"name":"wp","href":"https:\/\/api.w.org\/{rel}","templated":true}]}}