{"id":51889,"date":"2024-10-25T16:36:12","date_gmt":"2024-10-25T16:36:12","guid":{"rendered":"https:\/\/tvbrazilusa.com\/2024\/10\/25\/defesa-de-gayer-diz-que-operacao-da-pf-coloca-em-xeque-a-seriedade-das-eleicoes-paulo-figueiredo\/"},"modified":"2024-10-25T16:46:52","modified_gmt":"2024-10-25T16:46:52","slug":"defesa-de-gayer-diz-que-operacao-da-pf-coloca-em-xeque-a-seriedade-das-eleicoes-paulo-figueiredo","status":"publish","type":"post","link":"https:\/\/tvbrazilusa.com\/pt\/2024\/10\/25\/defesa-de-gayer-diz-que-operacao-da-pf-coloca-em-xeque-a-seriedade-das-eleicoes-paulo-figueiredo\/","title":{"rendered":"Defesa de Gayer diz que opera\u00e7\u00e3o da PF \u2018coloca em xeque a seriedade\u2019 das elei\u00e7\u00f5es &#8211; Paulo Figueiredo"},"content":{"rendered":"<p> <script async src=\"https:\/\/pagead2.googlesyndication.com\/pagead\/js\/adsbygoogle.js?client=ca-pub-8864793242727901\"\r\n     crossorigin=\"anonymous\"><\/script><br \/>\n<\/p>\n<div id=\"wtr-content\" data-bg=\"#FFFFFF\" data-fg=\"#006d91\" data-width=\"25\" data-mute=\"1\" data-fgopacity=\"1.00\" data-mutedopacity=\"0.5\" data-placement=\"bottom\" data-placement-offset=\"0\" data-content-offset=\"262\" data-placement-touch=\"bottom\" data-placement-offset-touch=\"0\" data-transparent=\"\" data-shadow=\"0\" data-touch=\"1\" data-non-touch=\"1\" data-comments=\"0\" data-commentsbg=\"transparent\" data-location=\"page\" data-mutedfg=\"#006d91\" data-endfg=\"#006d91\" data-rtl=\"\">\n<p class=\"has-small-font-size\">Foto \u2013 Bruno Spada<\/p>\n<h3 class=\"wp-block-heading\">Corpo jur\u00eddico do deputado afirma que nem sequer teve acesso aos autos do processo, que s\u00f3 podem ser liberados por Alexandre de Moraes<\/h3>\n<p>A defesa do deputado federal\u00a0<strong>Gustavo Gayer<\/strong>\u00a0(PL-GO) emitiu uma nota em que disse ter recebido com \u201cbastante estranheza\u201d a informa\u00e7\u00e3o sobre a opera\u00e7\u00e3o da Pol\u00edcia Federal (PF). A\u00a0<strong>corpora\u00e7\u00e3o cumpriu mandados de busca e apreens\u00e3o<\/strong>\u00a0em endere\u00e7os ligados ao parlamentar e a seus assessores, na manh\u00e3 desta sexta-feira, 25.<\/p>\n<p>O corpo jur\u00eddico de Gayer esclareceu que, at\u00e9 o momento, o que foi informado \u00e9 que se trata \u201cde um processo f\u00edsico e sigiloso, onde nem mesmo os advogados t\u00eam acesso de imediato ao seu conte\u00fado\u201d.\u00a0<\/p>\n<p>\u201cUma opera\u00e7\u00e3o da Pol\u00edcia Federal a dois dias da elei\u00e7\u00e3o municipal, determinada\u00a0por Alexandre de Moraes, nos causa bastante estranheza\u201d, afirmou a defesa. \u201cJ\u00e1 estamos providenciando a habilita\u00e7\u00e3o nos autos, que poder\u00e1 ser admitida somente por Alexandre de Moraes, sem prazo certo e determinado.\u201d<\/p>\n<p>Os advogados ainda sinalizaram que opera\u00e7\u00f5es como a desta sexta-feira, \u201cn\u00e3o podem ser deflagradas no \u00e1pice do processo eleitoral\u201d, uma vez que os \u201catos judici\u00e1rios interferem diretamente na pol\u00edtica local, o que coloca em xeque a seriedade das decis\u00f5es\u201d.\u00a0<\/p>\n<h3 class=\"wp-block-heading\"><strong>Gayer critica opera\u00e7\u00e3o permitida por Moraes<\/strong><\/h3>\n<p>Ainda na manh\u00e3 desta sexta-feira, 25, o deputado Gustavo Gayer criticou a opera\u00e7\u00e3o deflagrada pela PF, com a permiss\u00e3o do ministro Alexandre de Moraes, do Supremo Tribunal Federal (STF).<\/p>\n<p>O parlamentar disse que a motiva\u00e7\u00e3o do magistrado seria \u201cdesestabilizar\u201d seu candidato \u00e0 Prefeitura de Goi\u00e2nia, Fred Rodrigues (PL), no segundo turno das elei\u00e7\u00f5es, que ocorre neste pr\u00f3ximo domingo, 27.<\/p>\n<p>\u201cDois dias antes da elei\u00e7\u00e3o de segundo turno do qual meu grupo e candidato participa em Goi\u00e2nia, acordo \u00e0s 6h da manh\u00e3 com minha porta sendo esmurrada pela Pol\u00edcia Federal\u201d, afirmou Gayer. \u201cNuma sexta-feira, sendo que a elei\u00e7\u00e3o \u00e9 no domingo, claramente tentando prejudicar meu candidato, Fred Rodrigues, aqui em Goi\u00e2nia.\u201d<\/p>\n<h3 class=\"wp-block-heading\">A opera\u00e7\u00e3o da Pol\u00edcia Federal<\/h3>\n<p>As equipes foram a um endere\u00e7o ligado ao pol\u00edtico em Goi\u00e2nia, em seu apartamento funcional em Bras\u00edlia e tamb\u00e9m \u00e0 resid\u00eancia de um de seus assessores. Ao todo, os policiais encontraram R$ 72 mil em dinheiro<em>.<\/em><\/p>\n<p>Conforme\u00a0<strong>informa\u00e7\u00f5es da PF<\/strong>, cerca de 60 policiais federais cumprem 19 mandados de busca e apreens\u00e3o. Os documentos t\u00eam expedi\u00e7\u00e3o do\u00a0<strong>Supremo Tribunal Federal (STF)<\/strong>, para a\u00e7\u00f5es em Bras\u00edlia, Cidade Ocidental (GO), Valpara\u00edso de Goi\u00e1s (GO), Aparecida de Goi\u00e2nia (GO), e Goi\u00e2nia.<\/p>\n<p>De acordo com a Pol\u00edcia Federal, a opera\u00e7\u00e3o tenta \u201cdesarticular associa\u00e7\u00e3o criminosa voltada para desvio de recursos p\u00fablicos [cota parlamentar]\u201d. Al\u00e9m disso, \u201cmirou a falsifica\u00e7\u00e3o de documentos para cria\u00e7\u00e3o de uma Organiza\u00e7\u00e3o de Sociedade Civil de Interesse P\u00fablico (Oscip)\u201d.<\/p>\n<p>A inten\u00e7\u00e3o seria alinhar uma Oscip para as conformidades exigidas pelo Estado para receber verbas da C\u00e2mara dos Deputados. Para isso, o grupo teria falsificado documentos \u2014 a\u00e7\u00e3o que permitiu a identifica\u00e7\u00e3o da PF.<\/p>\n<p><strong><a href=\"https:\/\/revistaoeste.com\/politica\/defesa-de-gayer-diz-que-operacao-da-pf-coloca-em-xeque-a-seriedade-das-eleicoes\/\">Source link<\/a><\/strong><\/p>\n<\/div>\n<p><br \/>\n<br \/><a href=\"https:\/\/paulofigueiredoshow.com\/defesa-de-gayer-diz-que-operacao-da-pf-coloca-em-xeque-a-seriedade-das-eleicoes\/\">Source link <\/a><\/p>","protected":false},"excerpt":{"rendered":"<p>Foto \u2013 Bruno Spada Corpo jur\u00eddico do deputado afirma que nem sequer teve acesso aos autos do processo, que s\u00f3 podem ser liberados por Alexandre de Moraes A defesa do&hellip;<\/p>","protected":false},"author":1,"featured_media":51890,"comment_status":"closed","ping_status":"open","sticky":false,"template":"","format":"standard","meta":{"content-type":"","footnotes":""},"categories":[16],"tags":[],"class_list":["post-51889","post","type-post","status-publish","format-standard","has-post-thumbnail","hentry","category-noticias"],"_links":{"self":[{"href":"https:\/\/tvbrazilusa.com\/pt\/wp-json\/wp\/v2\/posts\/51889","targetHints":{"allow":["GET"]}}],"collection":[{"href":"https:\/\/tvbrazilusa.com\/pt\/wp-json\/wp\/v2\/posts"}],"about":[{"href":"https:\/\/tvbrazilusa.com\/pt\/wp-json\/wp\/v2\/types\/post"}],"author":[{"embeddable":true,"href":"https:\/\/tvbrazilusa.com\/pt\/wp-json\/wp\/v2\/users\/1"}],"replies":[{"embeddable":true,"href":"https:\/\/tvbrazilusa.com\/pt\/wp-json\/wp\/v2\/comments?post=51889"}],"version-history":[{"count":1,"href":"https:\/\/tvbrazilusa.com\/pt\/wp-json\/wp\/v2\/posts\/51889\/revisions"}],"predecessor-version":[{"id":51891,"href":"https:\/\/tvbrazilusa.com\/pt\/wp-json\/wp\/v2\/posts\/51889\/revisions\/51891"}],"wp:featuredmedia":[{"embeddable":true,"href":"https:\/\/tvbrazilusa.com\/pt\/wp-json\/wp\/v2\/media\/51890"}],"wp:attachment":[{"href":"https:\/\/tvbrazilusa.com\/pt\/wp-json\/wp\/v2\/media?parent=51889"}],"wp:term":[{"taxonomy":"category","embeddable":true,"href":"https:\/\/tvbrazilusa.com\/pt\/wp-json\/wp\/v2\/categories?post=51889"},{"taxonomy":"post_tag","embeddable":true,"href":"https:\/\/tvbrazilusa.com\/pt\/wp-json\/wp\/v2\/tags?post=51889"}],"curies":[{"name":"wp","href":"https:\/\/api.w.org\/{rel}","templated":true}]}}