{"id":51952,"date":"2024-10-25T14:22:45","date_gmt":"2024-10-25T14:22:45","guid":{"rendered":"https:\/\/tvbrazilusa.com\/2024\/10\/25\/gustavo-gayer-critica-busca-da-pf-as-vesperas-da-eleicao-jaguncos-de-ditador-paulo-figueiredo\/"},"modified":"2024-10-25T19:44:46","modified_gmt":"2024-10-25T19:44:46","slug":"gustavo-gayer-critica-busca-da-pf-as-vesperas-da-eleicao-jaguncos-de-ditador-paulo-figueiredo","status":"publish","type":"post","link":"https:\/\/tvbrazilusa.com\/pt\/2024\/10\/25\/gustavo-gayer-critica-busca-da-pf-as-vesperas-da-eleicao-jaguncos-de-ditador-paulo-figueiredo\/","title":{"rendered":"Gustavo Gayer critica busca da PF \u00e0s v\u00e9speras da elei\u00e7\u00e3o: \u2018Jagun\u00e7os de ditador\u2019 &#8211; Paulo Figueiredo"},"content":{"rendered":"<p> <script async src=\"https:\/\/pagead2.googlesyndication.com\/pagead\/js\/adsbygoogle.js?client=ca-pub-8864793242727901\"\r\n     crossorigin=\"anonymous\"><\/script><br \/>\n<\/p>\n<div id=\"wtr-content\" data-bg=\"#FFFFFF\" data-fg=\"#006d91\" data-width=\"25\" data-mute=\"1\" data-fgopacity=\"1.00\" data-mutedopacity=\"0.5\" data-placement=\"bottom\" data-placement-offset=\"0\" data-content-offset=\"262\" data-placement-touch=\"bottom\" data-placement-offset-touch=\"0\" data-transparent=\"\" data-shadow=\"0\" data-touch=\"1\" data-non-touch=\"1\" data-comments=\"0\" data-commentsbg=\"transparent\" data-location=\"page\" data-mutedfg=\"#006d91\" data-endfg=\"#006d91\" data-rtl=\"\">\n<h3 class=\"wp-block-heading\">Gustavo Gayer diz que movimento tem objetivo de prejudicar seu candidato em Goi\u00e2nia, Fred Rodrigues; peti\u00e7\u00e3o \u00e9 assinada por Moraes, do STF<\/h3>\n<p>Nas redes sociais, o deputado federal Gustavo Gayer (PL-GO) criticou<strong>\u00a0a opera\u00e7\u00e3o da Pol\u00edcia Federal<\/strong>\u00a0que realizou mandados de busca e apreens\u00e3o em endere\u00e7os ligados ao parlamentar e a seus assessores, na manh\u00e3 desta sexta-feira, 25.<\/p>\n<p>Segundo ele, a motiva\u00e7\u00e3o seria desestabilizar seu candidato em Goi\u00e2nia, Fred Rodrigues (PL), no segundo turno das elei\u00e7\u00f5es municipais. Gayer ainda afirmou que est\u00e1 triste e desmotivado, ao ver que a institui\u00e7\u00e3o em que acreditou, a PF, se tornou submissa a Alexandre de Moraes. Ele chamou Moraes de ditador. O ministro do STF assinou a peti\u00e7\u00e3o que ordenou as buscas.<\/p>\n<p>\u201cDois dias antes da elei\u00e7\u00e3o de segundo turno do qual meu grupo e candidato participa em Goiania, acordo \u00e0s 6h da manh\u00e3 com minha porta sendo esmurrada pela Policia Federal\u201d, afirmou Gayer, em um v\u00eddeo publicado no Instagram. \u201cNuma sexta-feira, sendo que a elei\u00e7\u00e3o \u00e9 no domingo, claramente tentando prejudicar meu candidato, Fred Rodrigues (PL), aqui em Goi\u00e2nia.\u201d<\/p>\n<h3 class=\"wp-block-heading\">A opera\u00e7\u00e3o da Pol\u00edcia Federal que mirou Gustavo Gayer<\/h3>\n<p>As equipes foram a um endere\u00e7o ligado ao pol\u00edtico em Goi\u00e2nia, em seu apartamento funcional em Bras\u00edlia e tamb\u00e9m \u00e0 resid\u00eancia de um de seus assessores. Ao todo, os policiais encontraram R$ 72 mil em dinheiro<em>.<\/em><\/p>\n<p>Conforme\u00a0<strong>informa\u00e7\u00f5es da PF<\/strong>, cerca de 60 policiais federais cumprem 19 mandados de busca e apreens\u00e3o. Os documentos t\u00eam expedi\u00e7\u00e3o do\u00a0<strong>Supremo Tribunal Federal (STF)<\/strong>, para a\u00e7\u00f5es em Bras\u00edlia, Cidade Ocidental (GO), Valpara\u00edso de Goi\u00e1s (GO), Aparecida de Goi\u00e2nia (GO), e Goi\u00e2nia.<\/p>\n<p>De acordo com a Pol\u00edcia Federal, a opera\u00e7\u00e3o tenta \u201cdesarticular associa\u00e7\u00e3o criminosa voltada para desvio de recursos p\u00fablicos [cota parlamentar]\u201d. Al\u00e9m disso, \u201cmirou a falsifica\u00e7\u00e3o de documentos para cria\u00e7\u00e3o de uma Organiza\u00e7\u00e3o de Sociedade Civil de Interesse P\u00fablico (Oscip)\u201d.<\/p>\n<p>A inten\u00e7\u00e3o seria alinhar uma Oscip para as conformidades exigidas pelo Estado para receber verbas da C\u00e2mara dos Deputados. Para isso, o grupo teria falsificado documentos \u2014 a\u00e7\u00e3o que permitiu a identifica\u00e7\u00e3o da PF.<\/p>\n<p>A Pol\u00edcia Federal conseguiu interceptar a inten\u00e7\u00e3o porque, conforme a corpora\u00e7\u00e3o, identificou falsifica\u00e7\u00e3o na Ata de Assembleia da constitui\u00e7\u00e3o da Oscip, consistente em data retroativa ao ano de 2003. No entanto, o quadro social \u00e0 \u00e9poca seria formado por crian\u00e7as de 1 a 9 anos.<\/p>\n<p>\u00c9 por isso tamb\u00e9m que a opera\u00e7\u00e3o tem o nome de \u201cdiscalculia\u201d \u2014 um transtorno de aprendizagem relacionado a n\u00fameros. O \u00f3rg\u00e3o investiga os crimes de associa\u00e7\u00e3o criminosa, falsidade ideol\u00f3gica, falsifica\u00e7\u00e3o de documento particular e peculato-desvio.<\/p>\n<p><strong><a href=\"https:\/\/revistaoeste.com\/politica\/gustavo-gayer-critica-busca-da-pf-as-vesperas-da-eleicao-jaguncos-de-ditador\/[\">Source link<\/a><\/strong><\/p>\n<\/div>\n<p><br \/>\n<br \/><a href=\"https:\/\/paulofigueiredoshow.com\/gustavo-gayer-critica-busca-da-pf-as-vesperas-da-eleicao-jaguncos-de-ditador\/\">Source link <\/a><\/p>","protected":false},"excerpt":{"rendered":"<p>Gustavo Gayer diz que movimento tem objetivo de prejudicar seu candidato em Goi\u00e2nia, Fred Rodrigues; peti\u00e7\u00e3o \u00e9 assinada por Moraes, do STF Nas redes sociais, o deputado federal Gustavo Gayer&hellip;<\/p>","protected":false},"author":1,"featured_media":51953,"comment_status":"closed","ping_status":"open","sticky":false,"template":"","format":"standard","meta":{"content-type":"","footnotes":""},"categories":[16],"tags":[29633,539,425,29634,2063,871],"class_list":["post-51952","post","type-post","status-publish","format-standard","has-post-thumbnail","hentry","category-noticias","tag-discalculia","tag-gayer","tag-moraes","tag-oscip","tag-pf","tag-stf"],"_links":{"self":[{"href":"https:\/\/tvbrazilusa.com\/pt\/wp-json\/wp\/v2\/posts\/51952","targetHints":{"allow":["GET"]}}],"collection":[{"href":"https:\/\/tvbrazilusa.com\/pt\/wp-json\/wp\/v2\/posts"}],"about":[{"href":"https:\/\/tvbrazilusa.com\/pt\/wp-json\/wp\/v2\/types\/post"}],"author":[{"embeddable":true,"href":"https:\/\/tvbrazilusa.com\/pt\/wp-json\/wp\/v2\/users\/1"}],"replies":[{"embeddable":true,"href":"https:\/\/tvbrazilusa.com\/pt\/wp-json\/wp\/v2\/comments?post=51952"}],"version-history":[{"count":1,"href":"https:\/\/tvbrazilusa.com\/pt\/wp-json\/wp\/v2\/posts\/51952\/revisions"}],"predecessor-version":[{"id":51954,"href":"https:\/\/tvbrazilusa.com\/pt\/wp-json\/wp\/v2\/posts\/51952\/revisions\/51954"}],"wp:featuredmedia":[{"embeddable":true,"href":"https:\/\/tvbrazilusa.com\/pt\/wp-json\/wp\/v2\/media\/51953"}],"wp:attachment":[{"href":"https:\/\/tvbrazilusa.com\/pt\/wp-json\/wp\/v2\/media?parent=51952"}],"wp:term":[{"taxonomy":"category","embeddable":true,"href":"https:\/\/tvbrazilusa.com\/pt\/wp-json\/wp\/v2\/categories?post=51952"},{"taxonomy":"post_tag","embeddable":true,"href":"https:\/\/tvbrazilusa.com\/pt\/wp-json\/wp\/v2\/tags?post=51952"}],"curies":[{"name":"wp","href":"https:\/\/api.w.org\/{rel}","templated":true}]}}