{"id":51998,"date":"2024-10-25T22:52:19","date_gmt":"2024-10-25T22:52:19","guid":{"rendered":"https:\/\/tvbrazilusa.com\/2024\/10\/25\/jornal-washington-post-nao-apoiara-candidato-democrata-pela-primeira-vez-desde-1976\/"},"modified":"2024-10-25T22:52:21","modified_gmt":"2024-10-25T22:52:21","slug":"jornal-washington-post-nao-apoiara-candidato-democrata-pela-primeira-vez-desde-1976","status":"publish","type":"post","link":"https:\/\/tvbrazilusa.com\/pt\/2024\/10\/25\/jornal-washington-post-nao-apoiara-candidato-democrata-pela-primeira-vez-desde-1976\/","title":{"rendered":"Jornal Washington Post n\u00e3o apoiar\u00e1 candidato democrata pela primeira vez desde 1976"},"content":{"rendered":"<p> <script async src=\"https:\/\/pagead2.googlesyndication.com\/pagead\/js\/adsbygoogle.js?client=ca-pub-8864793242727901\"\r\n     crossorigin=\"anonymous\"><\/script><br \/>\n<\/p>\n<div id=\"taboola-read-more\" style=\"display:block; width:100%\">\n<p>O jornal americano The Washington Post anunciou nesta sexta-feira, 25, que n\u00e3o apoiar\u00e1 nenhum dos dois candidatos \u00e0 Presid\u00eancia dos Estados Unidos, marcando a primeira vez que a decis\u00e3o \u00e9 tomada desde 1976. Com o an\u00fancio, nem o ex-presidente Donald Trump, nem a vice-presidente Kamala Harris receber\u00e3o um aval claro do ve\u00edculo. Em um artigo de opini\u00e3o, o diretor executivo do jornal, William Lewis, disse que a decis\u00e3o se manter\u00e1 em elei\u00e7\u00f5es futuras, o que representa um retorno do WP \u201c\u00e0s ra\u00edzes de n\u00e3o endossar candidatos presidenciais\u201d.\n<\/p>\n<p>O Washington Post relembrou uma declara\u00e7\u00e3o antiga do seu Conselho Editorial sobre o apoio do jornal \u00e0 candidatura de Dwight D. Eisenhower, eleito 34\u00ba Presidente dos EUA. No texto, de 1960, a c\u00fapula destaca que \u201cos argumentos para sua nomea\u00e7\u00e3o e elei\u00e7\u00e3o eram convincentes, mas que \u201cpoderia ter sido mais sensato para um jornal independente na capital do pa\u00eds ter evitado o endosso formal\u201d.<\/p>\n<p>O comunicado tamb\u00e9m trata sobre declara\u00e7\u00f5es do Conselho Editorial a respeito das elei\u00e7\u00f5es em que disputaram, e venceram, John F. Kennedy e Richard M. Nixon. Nas duas, o jornal optou por n\u00e3o apoiar publicamente um candidato. A pol\u00edtica mudou em 1976 por \u201craz\u00f5es compreens\u00edveis na \u00e9poca\u201d, quando endossaram Jimmy Carter, que derrotou o republicano Gerald Ford \u2014 que havia assumido o governo ap\u00f3s a escandalosa ren\u00fancia do ex-presidente Richard Nixon, em raz\u00e3o do caso Watergate.\n<\/p>\n<p>\u201cReconhecemos que isso ser\u00e1 lido de v\u00e1rias maneiras, incluindo um endosso t\u00e1cito de um candidato, ou uma condena\u00e7\u00e3o de outro, ou uma abdica\u00e7\u00e3o de responsabilidade. Isso \u00e9 inevit\u00e1vel. N\u00e3o vemos dessa forma\u201d, pondera a declara\u00e7\u00e3o de Lewis.\n<\/p>\n<p>\u201cVemos isso como consistente com os valores que o The Post sempre defendeu e o que esperamos de um l\u00edder: car\u00e1ter e coragem a servi\u00e7o da \u00e9tica americana, venera\u00e7\u00e3o pelo estado de direito e respeito pela liberdade humana em todos os seus aspectos\u201d, continua ele. \u201cTamb\u00e9m vemos isso como uma declara\u00e7\u00e3o em apoio \u00e0 capacidade de nossos leitores de decidirem por si mesmos sobre esta, a mais consequente das decis\u00f5es americanas \u2014 em quem votar como o pr\u00f3ximo presidente.\u201d\n<\/p>\n<p>Al\u00e9m disso, o texto destaca que o Washington Post tem como fun\u00e7\u00e3o \u201cfornecer, por meio da reda\u00e7\u00e3o, not\u00edcias imparciais para todos os americanos\u201d, bem como \u201copini\u00f5es instigantes\u201d dos jornalistas de opini\u00e3o para os leitores \u201cformarem suas pr\u00f3prias opini\u00f5es\u201d. Por fim, afirma que seu \u201ctrabalho como jornal da capital do pa\u00eds mais importante do mundo \u00e9 ser independente\u201d, acrescentando: \u201cE \u00e9 isso que somos e seremos\u201d.\n<\/p>\n<h3>Panorama da corrida<\/h3>\n<p>Faltando apenas 11 dias para a elei\u00e7\u00e3o americana, Harris viu sua pequena vantagem sobre Trump ir embora, de acordo com pesquisas de opini\u00e3o da CNN e do New York Times publicadas nesta sexta-feira, 25. Enquanto na pesquisa da CNN os dois candidatos est\u00e3o com 47% das inten\u00e7\u00f5es de voto, a do New York Times coloca os dois empatados em 48%.\n<\/p>\n<p>A \u00faltima pesquisa do\u00a0NYT\u00a0revelou que a prefer\u00eancia por Harris pode ter diminu\u00eddo desde seu \u00faltimo levantamento, no in\u00edcio de outubro. Na \u00e9poca, ela tinha uma ligeira vantagem (49% a 46%). A mudan\u00e7a est\u00e1 dentro da margem de erro, mas o agregador FiveThirtyEight, que faz uma m\u00e9dia nacional de pesquisas, tamb\u00e9m registrou um aperto da margem nas \u00faltimas semanas: no in\u00edcio de outubro, ela estava \u00e0 frente de Trump por 48,5% a 45,7%; agora, caiu para 48,1% a 46,4%. Isso sugere que esta disputa ficou ainda mais acirrada.\n<\/p>\n<p>Fonte: Gazeta do Povo              <\/p>\n<\/div>\n<p><br \/>\n<br \/><a href=\"https:\/\/diariodobrasilnoticias.com.br\/noticia\/jornal-washington-post-nao-apoiara-candidato-democrata-pela-primeira-vez-desde-1976-671bfdc8d8528\">Source link <\/a><\/p>","protected":false},"excerpt":{"rendered":"<p>O jornal americano The Washington Post anunciou nesta sexta-feira, 25, que n\u00e3o apoiar\u00e1 nenhum dos dois candidatos \u00e0 Presid\u00eancia dos Estados Unidos, marcando a primeira vez que a decis\u00e3o \u00e9&hellip;<\/p>","protected":false},"author":1,"featured_media":51999,"comment_status":"closed","ping_status":"open","sticky":false,"template":"","format":"standard","meta":{"content-type":"","footnotes":""},"categories":[16],"tags":[123,2448,5313,1267],"class_list":["post-51998","post","type-post","status-publish","format-standard","has-post-thumbnail","hentry","category-noticias","tag-brasil","tag-diario","tag-noticia","tag-noticias"],"_links":{"self":[{"href":"https:\/\/tvbrazilusa.com\/pt\/wp-json\/wp\/v2\/posts\/51998","targetHints":{"allow":["GET"]}}],"collection":[{"href":"https:\/\/tvbrazilusa.com\/pt\/wp-json\/wp\/v2\/posts"}],"about":[{"href":"https:\/\/tvbrazilusa.com\/pt\/wp-json\/wp\/v2\/types\/post"}],"author":[{"embeddable":true,"href":"https:\/\/tvbrazilusa.com\/pt\/wp-json\/wp\/v2\/users\/1"}],"replies":[{"embeddable":true,"href":"https:\/\/tvbrazilusa.com\/pt\/wp-json\/wp\/v2\/comments?post=51998"}],"version-history":[{"count":1,"href":"https:\/\/tvbrazilusa.com\/pt\/wp-json\/wp\/v2\/posts\/51998\/revisions"}],"predecessor-version":[{"id":52000,"href":"https:\/\/tvbrazilusa.com\/pt\/wp-json\/wp\/v2\/posts\/51998\/revisions\/52000"}],"wp:featuredmedia":[{"embeddable":true,"href":"https:\/\/tvbrazilusa.com\/pt\/wp-json\/wp\/v2\/media\/51999"}],"wp:attachment":[{"href":"https:\/\/tvbrazilusa.com\/pt\/wp-json\/wp\/v2\/media?parent=51998"}],"wp:term":[{"taxonomy":"category","embeddable":true,"href":"https:\/\/tvbrazilusa.com\/pt\/wp-json\/wp\/v2\/categories?post=51998"},{"taxonomy":"post_tag","embeddable":true,"href":"https:\/\/tvbrazilusa.com\/pt\/wp-json\/wp\/v2\/tags?post=51998"}],"curies":[{"name":"wp","href":"https:\/\/api.w.org\/{rel}","templated":true}]}}