{"id":52007,"date":"2024-10-25T23:37:53","date_gmt":"2024-10-25T23:37:53","guid":{"rendered":"https:\/\/tvbrazilusa.com\/2024\/10\/25\/cerebro-de-maguila-sera-doado-para-estudos\/"},"modified":"2024-10-25T23:37:54","modified_gmt":"2024-10-25T23:37:54","slug":"cerebro-de-maguila-sera-doado-para-estudos","status":"publish","type":"post","link":"https:\/\/tvbrazilusa.com\/pt\/2024\/10\/25\/cerebro-de-maguila-sera-doado-para-estudos\/","title":{"rendered":"C\u00e9rebro de Maguila ser\u00e1 doado para estudos"},"content":{"rendered":"<p> <script async src=\"https:\/\/pagead2.googlesyndication.com\/pagead\/js\/adsbygoogle.js?client=ca-pub-8864793242727901\"\r\n     crossorigin=\"anonymous\"><\/script><br \/>\n<\/p>\n<div id=\"taboola-read-more\" style=\"display:block; width:100%\">\n<p>Jos\u00e9 Adilson Rodrigues dos Santos, o Maguila, ter\u00e1 seu c\u00e9rebro doado \u00e0 Faculdade de Medicina da Universidade de S\u00e3o Paulo (FMUSP) para aprofundar os estudos acerca da encefalopatia traum\u00e1tica cr\u00f4nica (ETC), da qual sofria o ex-lutador, que morreu nesta quinta-feira (24), aos 66 anos. Em 2018, ele concordou em doar o \u00f3rg\u00e3o, com o consentimento da fam\u00edlia, para a universidade.\n<\/p>\n<p>Maguila recebeu o diagn\u00f3stico em 2013. A doen\u00e7a n\u00e3o tem cura. Informalmente, ela \u00e9 chamada de \u201cdem\u00eancia do pugilista\u201d, resultado dos constantes golpes na cabe\u00e7a que os lutadores sofrem ao longo da carreira. A FMUSP conta com grupo de pesquisa que estuda justamente o impacto dessas pancadas e concuss\u00f5es em atletas, dos mais diferentes esportes: boxe, r\u00fagbi, futebol, entre outros.<\/p>\n<p>Para realizar a doa\u00e7\u00e3o do \u00f3rg\u00e3o, foram necess\u00e1rios uma assinatura de Maguila no termo de libera\u00e7\u00e3o, ainda em 2018, e a autoriza\u00e7\u00e3o da fam\u00edlia. Al\u00e9m de Maguila, \u00c9der Jofre, ex-pugilista morto em 2022, e Bellini, capit\u00e3o do Brasil na conquista da Copa do Mundo de 1958 e morto em 2014, tamb\u00e9m doaram seus c\u00e9rebros \u00e0 FMUSP.\n<\/p>\n<p>O \u00f3rg\u00e3o \u00e9 armazenado no instituto, que conta com o \u00fanico banco de c\u00e9rebros do Brasil e da Am\u00e9rica Latina.\n<\/p>\n<p>\u2013 \u00c9 importante para o pa\u00eds e para USP ter esses experimentos realizados em nosso territ\u00f3rio \u2013 contou Renato Anghinah, neurologista e professor livre docente na Universidade de S\u00e3o Paulo (USP), ao Estad\u00e3o em 2022.\n<\/p>\n<p>O m\u00e9dico foi respons\u00e1vel por acompanhar tanto \u00c9der Jofre quanto Maguila nos \u00faltimos anos.\n<\/p>\n<p>\u2013 Esse banco \u00e9 importante, pois permite que o Brasil participe de discuss\u00f5es na \u00e1rea cient\u00edfica e esteja em contato com a maioria dos pa\u00edses do mundo \u2013 afirmou.\n<\/p>\n<p>O estudo visa criar medidas de preven\u00e7\u00e3o para a doen\u00e7a. No caso de Bellini, inicialmente acreditava-se que o zagueiro sofria de Alzheimer, que destr\u00f3i a mem\u00f3ria e outras fun\u00e7\u00f5es do c\u00e9rebro. Os resultados da pesquisa, divulgados em congresso, revelaram o quadro de ETC.\n<\/p>\n<p>O QUE \u00c9 A ENCEFALOPATIA TRAUM\u00c1TICA CR\u00d4NICA?<br \/>A encefalopatia traum\u00e1tica cr\u00f4nica \u00e9 uma doen\u00e7a no enc\u00e9falo \u2013 uma das regi\u00f5es do c\u00e9rebro \u2013 causada por traumas e choques mec\u00e2nicos constantes (\u201ccr\u00f4nicos\u201d). \u00c9 comum em atletas, mas tamb\u00e9m \u00e9 observada em soldados e ex-combatentes de guerras.\n<\/p>\n<p>\u00c9 causada por uma degenera\u00e7\u00e3o progressiva de c\u00e9lulas cerebrais, causada por diversas les\u00f5es na cabe\u00e7a. Para o diagn\u00f3stico cl\u00ednico \u00e9 preciso que o paciente realize exames de imagem e ultrassom. O hist\u00f3rico de les\u00f5es e sintomas presentes na encefalopatia \u2013 como depress\u00e3o, raiva, perda de mem\u00f3ria etc. \u2013 ajudam no diagn\u00f3stico.\n<\/p>\n<p>\u2013 Mais ou menos 50% das les\u00f5es cerebrais em jogos de contato s\u00e3o causadas pela desacelera\u00e7\u00e3o e acelera\u00e7\u00e3o do c\u00e9rebro. N\u00e3o precisa encostar na cabe\u00e7a do indiv\u00edduo para ter les\u00e3o no c\u00e9rebro \u2013 explicou Anghinah, antes de se referir a uma situa\u00e7\u00e3o do futebol americano.\n<\/p>\n<p>\u2013 Num momento, um jogador e seu c\u00e9rebro est\u00e3o a 30 km\/h. A\u00ed ele sofre o \u201ctackle\u201d. E, milissegundos, a velocidade vai a zero. O c\u00e9rebro est\u00e1 solto e chacoalha dentro da caixa craniana. Um atleta pode sofrer um \u201ctackle\u201d, sem choque de cabe\u00e7a, e cair desacordado no gramado. E nem bateu a cabe\u00e7a. Por qu\u00ea? Porque a desacelera\u00e7\u00e3o brusca pode lesar o c\u00e9rebro.\n<\/p>\n<p>N\u00e3o h\u00e1 um tratamento espec\u00edfico ou cura para a encefalopatia, mas medidas de suporte para os pacientes podem ser tomadas. Dentre estas, destaca-se a constru\u00e7\u00e3o de um ambiente seguro, iluminado e confort\u00e1vel. Em casos avan\u00e7ados da dem\u00eancia, medidas paliativas podem ser adotadas em vez de interna\u00e7\u00f5es hospitalares.\n<\/p>\n<p>QUEM FOI MAGUILA<br \/>Nascido em Aracaju, Sergipe, Maguila teve 77 vit\u00f3rias (61 nocautes), sete derrotas e um empate em seu cartel como profissional, tendo sido campe\u00e3o brasileiro, das Am\u00e9ricas e mundial de boxe na categoria peso-pesado.\n<\/p>\n<p>Dentre suas derrotas no ringue, Maguila teve duas emblem\u00e1ticas contra dois maiores de todos os tempos da modalidade: George Foreman, em 1990, e Evander Holyfield, em 1989. Contra Holyfield, o combate valia o cintur\u00e3o do WBC.\n<\/p>\n<p>Maguila se aposentou dos ringues no ano 2000. Ao longo de sua carreira, ele se notabilizou pelo carisma das entrevistas p\u00f3s-luta, onde citava uma imensa lista de agradecimentos. Depois, chegou a trabalhar na TV Record ao lado de Tom Cavalcante no programa Show do Tom.\n<\/p>\n<p>Fonte: Pleno News              <\/p>\n<\/div>\n<p><br \/>\n<br \/><a href=\"https:\/\/diariodobrasilnoticias.com.br\/noticia\/cerebro-de-maguila-sera-doado-para-estudos-671c073a51e29\">Source link <\/a><\/p>","protected":false},"excerpt":{"rendered":"<p>Jos\u00e9 Adilson Rodrigues dos Santos, o Maguila, ter\u00e1 seu c\u00e9rebro doado \u00e0 Faculdade de Medicina da Universidade de S\u00e3o Paulo (FMUSP) para aprofundar os estudos acerca da encefalopatia traum\u00e1tica cr\u00f4nica&hellip;<\/p>","protected":false},"author":1,"featured_media":52008,"comment_status":"closed","ping_status":"open","sticky":false,"template":"","format":"standard","meta":{"content-type":"","footnotes":""},"categories":[16],"tags":[123,2448,5313,1267],"class_list":["post-52007","post","type-post","status-publish","format-standard","has-post-thumbnail","hentry","category-noticias","tag-brasil","tag-diario","tag-noticia","tag-noticias"],"_links":{"self":[{"href":"https:\/\/tvbrazilusa.com\/pt\/wp-json\/wp\/v2\/posts\/52007","targetHints":{"allow":["GET"]}}],"collection":[{"href":"https:\/\/tvbrazilusa.com\/pt\/wp-json\/wp\/v2\/posts"}],"about":[{"href":"https:\/\/tvbrazilusa.com\/pt\/wp-json\/wp\/v2\/types\/post"}],"author":[{"embeddable":true,"href":"https:\/\/tvbrazilusa.com\/pt\/wp-json\/wp\/v2\/users\/1"}],"replies":[{"embeddable":true,"href":"https:\/\/tvbrazilusa.com\/pt\/wp-json\/wp\/v2\/comments?post=52007"}],"version-history":[{"count":1,"href":"https:\/\/tvbrazilusa.com\/pt\/wp-json\/wp\/v2\/posts\/52007\/revisions"}],"predecessor-version":[{"id":52009,"href":"https:\/\/tvbrazilusa.com\/pt\/wp-json\/wp\/v2\/posts\/52007\/revisions\/52009"}],"wp:featuredmedia":[{"embeddable":true,"href":"https:\/\/tvbrazilusa.com\/pt\/wp-json\/wp\/v2\/media\/52008"}],"wp:attachment":[{"href":"https:\/\/tvbrazilusa.com\/pt\/wp-json\/wp\/v2\/media?parent=52007"}],"wp:term":[{"taxonomy":"category","embeddable":true,"href":"https:\/\/tvbrazilusa.com\/pt\/wp-json\/wp\/v2\/categories?post=52007"},{"taxonomy":"post_tag","embeddable":true,"href":"https:\/\/tvbrazilusa.com\/pt\/wp-json\/wp\/v2\/tags?post=52007"}],"curies":[{"name":"wp","href":"https:\/\/api.w.org\/{rel}","templated":true}]}}