{"id":52019,"date":"2024-10-26T00:31:05","date_gmt":"2024-10-26T00:31:05","guid":{"rendered":"https:\/\/tvbrazilusa.com\/2024\/10\/26\/castro-afirma-que-a-restricao-do-stf-a-operacoes-em-favelas-fortaleceu-o-trafico\/"},"modified":"2024-10-26T00:31:06","modified_gmt":"2024-10-26T00:31:06","slug":"castro-afirma-que-a-restricao-do-stf-a-operacoes-em-favelas-fortaleceu-o-trafico","status":"publish","type":"post","link":"https:\/\/tvbrazilusa.com\/pt\/2024\/10\/26\/castro-afirma-que-a-restricao-do-stf-a-operacoes-em-favelas-fortaleceu-o-trafico\/","title":{"rendered":"Castro afirma que a restri\u00e7\u00e3o do STF a opera\u00e7\u00f5es em favelas fortaleceu o tr\u00e1fico"},"content":{"rendered":"<p> <script async src=\"https:\/\/pagead2.googlesyndication.com\/pagead\/js\/adsbygoogle.js?client=ca-pub-8864793242727901\"\r\n     crossorigin=\"anonymous\"><\/script><br \/>\n<\/p>\n<div id=\"taboola-read-more\" style=\"display:block; width:100%\">\n<p>O governador do Rio, Cl\u00e1udio Castro (PL), criticou nesta quinta-feira, 24, a A\u00e7\u00e3o de Descumprimento de Preceito Fundamental 635, a ADPF 365, que restringe opera\u00e7\u00f5es policiais em \u00e1reas de favelas no estado. A fala de Castro se d\u00e1 no contexto da morte de tr\u00eas pessoas em confronto entre criminosos e policiais militares no Complexo de Israel, na Zona Norte da capital.\n<\/p>\n<p>Segundo Castro, a medida aprovada na pandemia de Covid-19 fortaleceu cinco grandes institui\u00e7\u00f5es criminosas no estado.<\/p>\n<p>\u201cO Rio de Janeiro tem cumprido 100% o que manda a ADPF. Agora, \u00e9 muito claro. N\u00e3o sou eu quem estou falando, o Minist\u00e9rio P\u00fablico j\u00e1 falou isso, o CNJ (Conselho Nacional de Justi\u00e7a) j\u00e1 falou isso. Desde que a ADPF est\u00e1 a\u00ed, voc\u00ea tem o fortalecimento de cinco grandes institui\u00e7\u00f5es criminosas ligadas ao tr\u00e1fico de drogas. Voc\u00ea tem hoje, no c\u00e1lculo da Pol\u00edcia, mais de 200 criminosos de outros estados no Rio de Janeiro. Toda a culpa recai sobre as pol\u00edcias\u201d, afirmou o governador.\n<\/p>\n<p>O Congresso Nacional foi alvo de cr\u00edticas feitas pelo governador. Castro pediu ajuda ao presidentes da C\u00e2mara dos Deputados, Artur Lira (PP), e Senado Federal, Rodrigo Pacheco (PSD).\n<\/p>\n<p>\u201cTem mais de um ano e meio que eu falo da quest\u00e3o da legisla\u00e7\u00e3o. Essa legisla\u00e7\u00e3o hoje \u00e9 convidativa ao crime. Vou falar de novo aqui: presidente do Senado, presidente da C\u00e2mara\u2026 tem mais um ano e meio que eu j\u00e1 levei pro congresso essas pautas e elas n\u00e3o simplesmente n\u00e3o andam. Sazonalmente, quando o problema volta, voltam a discutir.\u201c\n<\/p>\n<p>\u201cPrecisamos combater e continuar fazendo o trabalho de investiga\u00e7\u00e3o e de repress\u00e3o, mas precisamos sim de ajuda. Precisamos que o Judici\u00e1rio mantenha criminosos perigosos na cadeia, mantenha criminosos perigosos nos pres\u00eddios federais\u201d, pediu o governador.\n<\/p>\n<p>O que diz a ADPF 635?<br \/>A ADPF 635 foi ajuizada, durante a pandemia de Covid-19, em 2020, pelo Partido Socialista Brasileiro (PSB) com \u201cpretens\u00e3o de que fossem reconhecidas e sanadas graves les\u00f5es a preceitos fundamentais constitucionais, decorrentes da pol\u00edtica de seguran\u00e7a p\u00fablica do Estado do Rio de Janeiro marcada pela \u201cexcessiva e crescente letalidade da atua\u00e7\u00e3o policial\u201d, conforme aponta o Minist\u00e9rio P\u00fablico do Rio de Janeiro.\n<\/p>\n<p>Criticada por parte da sociedade, a a\u00e7\u00e3o, na pr\u00e1tica, impede o uso de blindados a\u00e9reos em miss\u00f5es policias em favelas no estado e restringe a\u00e7\u00f5es de pol\u00edcia nessas localidades.\n<\/p>\n<p>Um grupo de l\u00edderes de associa\u00e7\u00f5es do Rio, neste m\u00eas, foi ao STF e se encontrou com o ministro Gilmar Mendes para pedir que a Corte paute o julgamento de uma a\u00e7\u00e3o que pode derrubar a ADPF 635. Eles entregaram a Gilmar um documento com dados oficiais juntados pela Coordenadoria de Recursos Especiais (CORE), o qual indica um \u201cmaior aumento do roubo de cargas e ref\u00fagio de criminosos de outros estados.\u201d\n<\/p>\n<p>O Antagonista reproduz um trecho da carta:\n<\/p>\n<p>\u201cA aus\u00eancia de opera\u00e7\u00f5es policiais contundentes tem transformado o Rio de Janeiro em um local de ref\u00fagio para criminosos oriundos de outras regi\u00f5es do pa\u00eds. Isso n\u00e3o s\u00f3 agrava a situa\u00e7\u00e3o da criminalidade local, como tamb\u00e9m transforma o estado em um epicentro de organiza\u00e7\u00f5es criminosas de atua\u00e7\u00e3o interestadual\u201d.\n<\/p>\n<p>Tiroteio na Avenida Brasil<br \/>A opera\u00e7\u00e3o da Pol\u00edcia Militar no Complexo de Israel, na Zona Norte do Rio de Janeiro, na manh\u00e3 desta quinta-feira, 24, gerou um intenso confronto entre policiais e criminosos, resultando no fechamento total da Avenida Brasil.\n<\/p>\n<p>A a\u00e7\u00e3o, voltada para combater quadrilhas envolvidas em roubos de carros e cargas, causou a interrup\u00e7\u00e3o de servi\u00e7os essenciais, como a paralisa\u00e7\u00e3o parcial do ramal Saracuruna dos trens, afetando milhares de moradores. Cinco esta\u00e7\u00f5es ferrovi\u00e1rias, incluindo Cordovil e Vig\u00e1rio Geral, foram fechadas por motivos de seguran\u00e7a.\n<\/p>\n<p>As principais fac\u00e7\u00f5es envolvidas no confronto s\u00e3o o Terceiro Comando Puro (TCP) e o Comando Vermelho (CV). O TCP, liderado por \u00c1lvaro Malaquias Santa Rosa, o Peix\u00e3o, domina a regi\u00e3o do Complexo de Israel, que inclui comunidades como Parada de Lucas, Vig\u00e1rio Geral e Cidade Alta.\n<\/p>\n<p>A fac\u00e7\u00e3o possui uma longa rivalidade com o CV, disputando o controle territorial em diversas \u00e1reas do Rio. Recentemente, o TCP tem buscado alian\u00e7as com milicianos para fortalecer sua posi\u00e7\u00e3o contra o CV, que ainda \u00e9 uma das maiores organiza\u00e7\u00f5es criminosas do estado.\n<\/p>\n<p>Durante a opera\u00e7\u00e3o, criminosos incendiaram ve\u00edculos e montaram barricadas para impedir o avan\u00e7o da pol\u00edcia. A PM mobilizou agentes do 16\u00ba BPM nas comunidades Cinco Bocas, Pica Pau e Cidade Alta. A viol\u00eancia na \u00e1rea continua intensa, enquanto moradores enfrentam dificuldades de locomo\u00e7\u00e3o e temem pela seguran\u00e7a em meio aos tiroteios.\n<\/p>\n<p>A situa\u00e7\u00e3o no Complexo de Israel reflete a crescente disputa pelo controle do tr\u00e1fico de drogas, agravada pelas alian\u00e7as entre fac\u00e7\u00f5es e mil\u00edcias.\n<\/p>\n<p>Fonte: O Antagonista              <\/p>\n<\/div>\n<p><br \/>\n<br \/><a href=\"https:\/\/diariodobrasilnoticias.com.br\/noticia\/castro-afirma-que-a-restricao-do-stf-a-operacoes-em-favelas-fortaleceu-o-trafico-671c16094bbc5\">Source link <\/a><\/p>","protected":false},"excerpt":{"rendered":"<p>O governador do Rio, Cl\u00e1udio Castro (PL), criticou nesta quinta-feira, 24, a A\u00e7\u00e3o de Descumprimento de Preceito Fundamental 635, a ADPF 365, que restringe opera\u00e7\u00f5es policiais em \u00e1reas de favelas&hellip;<\/p>","protected":false},"author":1,"featured_media":52020,"comment_status":"closed","ping_status":"open","sticky":false,"template":"","format":"standard","meta":{"content-type":"","footnotes":""},"categories":[16],"tags":[123,2448,5313,1267],"class_list":["post-52019","post","type-post","status-publish","format-standard","has-post-thumbnail","hentry","category-noticias","tag-brasil","tag-diario","tag-noticia","tag-noticias"],"_links":{"self":[{"href":"https:\/\/tvbrazilusa.com\/pt\/wp-json\/wp\/v2\/posts\/52019","targetHints":{"allow":["GET"]}}],"collection":[{"href":"https:\/\/tvbrazilusa.com\/pt\/wp-json\/wp\/v2\/posts"}],"about":[{"href":"https:\/\/tvbrazilusa.com\/pt\/wp-json\/wp\/v2\/types\/post"}],"author":[{"embeddable":true,"href":"https:\/\/tvbrazilusa.com\/pt\/wp-json\/wp\/v2\/users\/1"}],"replies":[{"embeddable":true,"href":"https:\/\/tvbrazilusa.com\/pt\/wp-json\/wp\/v2\/comments?post=52019"}],"version-history":[{"count":1,"href":"https:\/\/tvbrazilusa.com\/pt\/wp-json\/wp\/v2\/posts\/52019\/revisions"}],"predecessor-version":[{"id":52021,"href":"https:\/\/tvbrazilusa.com\/pt\/wp-json\/wp\/v2\/posts\/52019\/revisions\/52021"}],"wp:featuredmedia":[{"embeddable":true,"href":"https:\/\/tvbrazilusa.com\/pt\/wp-json\/wp\/v2\/media\/52020"}],"wp:attachment":[{"href":"https:\/\/tvbrazilusa.com\/pt\/wp-json\/wp\/v2\/media?parent=52019"}],"wp:term":[{"taxonomy":"category","embeddable":true,"href":"https:\/\/tvbrazilusa.com\/pt\/wp-json\/wp\/v2\/categories?post=52019"},{"taxonomy":"post_tag","embeddable":true,"href":"https:\/\/tvbrazilusa.com\/pt\/wp-json\/wp\/v2\/tags?post=52019"}],"curies":[{"name":"wp","href":"https:\/\/api.w.org\/{rel}","templated":true}]}}