{"id":52022,"date":"2024-10-26T00:48:18","date_gmt":"2024-10-26T00:48:18","guid":{"rendered":"https:\/\/tvbrazilusa.com\/2024\/10\/26\/alexandre-de-moraes-vota-para-tornar-gustavo-gayer-reu-por-calunia-difamacao-e-injuria\/"},"modified":"2024-10-26T00:48:20","modified_gmt":"2024-10-26T00:48:20","slug":"alexandre-de-moraes-vota-para-tornar-gustavo-gayer-reu-por-calunia-difamacao-e-injuria","status":"publish","type":"post","link":"https:\/\/tvbrazilusa.com\/pt\/2024\/10\/26\/alexandre-de-moraes-vota-para-tornar-gustavo-gayer-reu-por-calunia-difamacao-e-injuria\/","title":{"rendered":"Alexandre de Moraes vota para tornar Gustavo Gayer r\u00e9u por cal\u00fania, difama\u00e7\u00e3o e inj\u00faria"},"content":{"rendered":"<p> <script async src=\"https:\/\/pagead2.googlesyndication.com\/pagead\/js\/adsbygoogle.js?client=ca-pub-8864793242727901\"\r\n     crossorigin=\"anonymous\"><\/script><br \/>\n<\/p>\n<div id=\"taboola-read-more\" style=\"display:block; width:100%\">\n<p>A Primeira Turma do Supremo Tribunal Federal (STF) iniciou nesta sexta-feira o julgamento de uma queixa-crime apresentada pelo senador Vanderlan Cardoso (PSD-GO) contra o deputado federal Gustavo Gayer (PL-GO) por cal\u00fania, difama\u00e7\u00e3o e inj\u00faria. O relator do caso, ministro Alexandre de Moraes, votou a favor do recebimento da queixa. Se a maioria dos ministros seguir o relator, Gayer se tornar\u00e1 r\u00e9u.\n<\/p>\n<p>A a\u00e7\u00e3o \u00e9 consequ\u00eancia de um v\u00eddeo gravado por Gayer em fevereiro de 2022, ap\u00f3s a elei\u00e7\u00e3o para a presid\u00eancia do Senado. Na ocasi\u00e3o, Gayer, que apoiava Rog\u00e9rio Marinho (PL-RN), criticou a vit\u00f3ria de Rodrigo Pacheco (PSD-GO) e acusou senadores de terem sido &#8220;comprados com cargos de segundo escal\u00e3o&#8221;. Ele ainda chamou Vanderlan e Jorge Kajuru (PSB-GO) de &#8220;vagabundos&#8221;, acusando-os de \u201cvirar as costas para o povo em troca de comiss\u00e3o\u201d.<\/p>\n<p>Imunidade parlamentar questionada<br \/>A defesa de Gayer argumentou que suas declara\u00e7\u00f5es est\u00e3o protegidas pela imunidade parlamentar, alegando que o termo &#8220;comiss\u00e3o&#8221; se referia ao apoio pol\u00edtico de Pacheco para que Vanderlan assumisse a Comiss\u00e3o de Assuntos Econ\u00f4micos (CAE) do Senado, e n\u00e3o a uma retribui\u00e7\u00e3o financeira.\n<\/p>\n<p>No entanto, Moraes discordou, afirmando que as falas de Gayer n\u00e3o est\u00e3o protegidas pela imunidade, pois foram feitas fora do recinto parlamentar e sem os requisitos necess\u00e1rios para caracterizar a inviolabilidade constitucional. \u201cAs condutas praticadas constituem ofensas que ultrapassam os limites da cr\u00edtica pol\u00edtica, configurando abuso do direito \u00e0 manifesta\u00e7\u00e3o de pensamento\u201d, afirmou o ministro.\n<\/p>\n<p>Fonte: Exame              <\/p>\n<\/div>\n<p><br \/>\n<br \/><a href=\"https:\/\/diariodobrasilnoticias.com.br\/noticia\/alexandre-de-moraes-vota-para-tornar-gustavo-gayer-reu-por-calunia-difamacao-e-injuria-671c1507db511\">Source link <\/a><\/p>","protected":false},"excerpt":{"rendered":"<p>A Primeira Turma do Supremo Tribunal Federal (STF) iniciou nesta sexta-feira o julgamento de uma queixa-crime apresentada pelo senador Vanderlan Cardoso (PSD-GO) contra o deputado federal Gustavo Gayer (PL-GO) por&hellip;<\/p>","protected":false},"author":1,"featured_media":52023,"comment_status":"closed","ping_status":"open","sticky":false,"template":"","format":"standard","meta":{"content-type":"","footnotes":""},"categories":[16],"tags":[123,2448,5313,1267],"class_list":["post-52022","post","type-post","status-publish","format-standard","has-post-thumbnail","hentry","category-noticias","tag-brasil","tag-diario","tag-noticia","tag-noticias"],"_links":{"self":[{"href":"https:\/\/tvbrazilusa.com\/pt\/wp-json\/wp\/v2\/posts\/52022","targetHints":{"allow":["GET"]}}],"collection":[{"href":"https:\/\/tvbrazilusa.com\/pt\/wp-json\/wp\/v2\/posts"}],"about":[{"href":"https:\/\/tvbrazilusa.com\/pt\/wp-json\/wp\/v2\/types\/post"}],"author":[{"embeddable":true,"href":"https:\/\/tvbrazilusa.com\/pt\/wp-json\/wp\/v2\/users\/1"}],"replies":[{"embeddable":true,"href":"https:\/\/tvbrazilusa.com\/pt\/wp-json\/wp\/v2\/comments?post=52022"}],"version-history":[{"count":1,"href":"https:\/\/tvbrazilusa.com\/pt\/wp-json\/wp\/v2\/posts\/52022\/revisions"}],"predecessor-version":[{"id":52024,"href":"https:\/\/tvbrazilusa.com\/pt\/wp-json\/wp\/v2\/posts\/52022\/revisions\/52024"}],"wp:featuredmedia":[{"embeddable":true,"href":"https:\/\/tvbrazilusa.com\/pt\/wp-json\/wp\/v2\/media\/52023"}],"wp:attachment":[{"href":"https:\/\/tvbrazilusa.com\/pt\/wp-json\/wp\/v2\/media?parent=52022"}],"wp:term":[{"taxonomy":"category","embeddable":true,"href":"https:\/\/tvbrazilusa.com\/pt\/wp-json\/wp\/v2\/categories?post=52022"},{"taxonomy":"post_tag","embeddable":true,"href":"https:\/\/tvbrazilusa.com\/pt\/wp-json\/wp\/v2\/tags?post=52022"}],"curies":[{"name":"wp","href":"https:\/\/api.w.org\/{rel}","templated":true}]}}