{"id":52025,"date":"2024-10-26T01:13:01","date_gmt":"2024-10-26T01:13:01","guid":{"rendered":"https:\/\/tvbrazilusa.com\/2024\/10\/26\/homem-desperta-de-coma-apos-acidente-de-carro-acreditando-estar-em-1980-sem-reconhecer-esposa-e-filho\/"},"modified":"2024-10-26T01:13:03","modified_gmt":"2024-10-26T01:13:03","slug":"homem-desperta-de-coma-apos-acidente-de-carro-acreditando-estar-em-1980-sem-reconhecer-esposa-e-filho","status":"publish","type":"post","link":"https:\/\/tvbrazilusa.com\/pt\/2024\/10\/26\/homem-desperta-de-coma-apos-acidente-de-carro-acreditando-estar-em-1980-sem-reconhecer-esposa-e-filho\/","title":{"rendered":"Homem desperta de coma ap\u00f3s acidente de carro acreditando estar em 1980, sem reconhecer esposa e filho"},"content":{"rendered":"<p> <script async src=\"https:\/\/pagead2.googlesyndication.com\/pagead\/js\/adsbygoogle.js?client=ca-pub-8864793242727901\"\r\n     crossorigin=\"anonymous\"><\/script><br \/>\n<\/p>\n<div id=\"taboola-read-more\" style=\"display:block; width:100%\">\n<p>A vida de Luciano D&#8217;Adama mudou para sempre em 2019 ap\u00f3s um acidente de carro. Aos 68 anos, este italiano sofreu um acontecimento que o deixou em coma e, quando acordou, acreditava estar em 1980.\n<\/p>\n<p>Sem reconhecer a esposa nem o filho de 35 anos, ele enfrentou uma realidade que parecia tirada de outra \u00e9poca. Este caso, noticiado pelo jornal \u2018Messaggero\u2019, chamou a aten\u00e7\u00e3o nas redes sociais e viralizou devido \u00e0 extraordin\u00e1ria hist\u00f3ria de Luciano, que estava imerso em uma confus\u00e3o que marcou um antes e um depois em sua vida.<\/p>\n<p>Luciano lembra com precis\u00e3o o dia 20 de mar\u00e7o de 1980. Foi um dia como outro qualquer, em que ele voltou para casa depois de um dia de trabalho, com sonhos e planos pela frente. No entanto, sua vida deu uma guinada dr\u00e1stica quando foi atropelado no bairro de Monte Mario, em Roma. Na sua opini\u00e3o, este acontecimento ocorreu no mesmo dia do seu \u201cdespertar\u201d em 2019, sem saber que j\u00e1 haviam se passado quase quatro d\u00e9cadas desde aquele momento.\n<\/p>\n<p>Quando ele abriu os olhos no hospital, foi dominado por uma grande confus\u00e3o. \u201cUma estranha entrou na sala\u201d, disse ele, referindo-se \u00e0 sua esposa, que tentava ajud\u00e1-lo chamando seu nome. Para Luciano, aquela mulher era uma completa estranha. Ele n\u00e3o conseguia entender como algu\u00e9m poderia saber detalhes de sua vida sem se lembrar de quem ela era.\n<\/p>\n<p>O impacto da perda de mem\u00f3ria<br \/>O acidente teve efeitos devastadores na mem\u00f3ria de Luciano, que perdeu quase 40 anos de vida. Para ele, a pessoa que se apresentou como sua esposa e o homem que afirmava ser seu filho, de 35 anos, nada mais eram do que estranhos num mundo que ele n\u00e3o reconhecia. Al\u00e9m disso, ele questionou como algu\u00e9m que ele acreditava ser seu \u201cfilho\u201d poderia ser mais velho do que ele lembrava em suas pr\u00f3prias mem\u00f3rias.\n<\/p>\n<p>Em sua mente, ele ainda estava noivo de uma garota de 19 anos e projetava uma vida cheia de promessas. Quando finalmente se viu no espelho, se deparou com uma imagem chocante: o jovem de 24 anos de quem se lembrava havia desaparecido e, em seu lugar, um homem de 63 anos o encarava.\n<\/p>\n<p>Luciano n\u00e3o enfrentava apenas uma mudan\u00e7a f\u00edsica, mas tamb\u00e9m a presen\u00e7a de tecnologias e acontecimentos hist\u00f3ricos dos quais ele desconhecia completamente. N\u00e3o compreendeu a exist\u00eancia de autom\u00f3veis nem reconheceu figuras da cultura e da pol\u00edtica italiana, como Berlusconi. Al\u00e9m disso, acontecimentos t\u00e3o significativos como o 11 de Setembro n\u00e3o faziam parte da sua realidade.\n<\/p>\n<p>Um longo processo de reconstru\u00e7\u00e3o<br \/>O processo de recupera\u00e7\u00e3o foi longo e desafiador. Luciano, ciente de que havia perdido toda a vida adulta, decidiu enfrentar a nova realidade com resili\u00eancia. Com o apoio de psic\u00f3logos e a paci\u00eancia da esposa, ele iniciou um caminho de reconstru\u00e7\u00e3o de seu relacionamento e de sua identidade. A compreens\u00e3o e o tempo foram essenciais neste processo, permitindo-lhe adaptar-se gradualmente \u00e0 sua nova vida.\n<\/p>\n<p>O homem encontrou prop\u00f3sito no trabalho de manuten\u00e7\u00e3o de uma escola, onde todos os dias contribui para o desenvolvimento das novas gera\u00e7\u00f5es. Este trabalho n\u00e3o s\u00f3 lhe deu estabilidade, mas tamb\u00e9m lhe permitiu interagir com jovens que lhe lembram o seu pr\u00f3prio passado, uma lembran\u00e7a constante do tempo perdido e, ao mesmo tempo, uma motiva\u00e7\u00e3o para seguir em frente.\n<\/p>\n<p>Enfrentar a perda de suas mem\u00f3rias tem sido um dos maiores desafios de sua vida, mas Luciano continua se adaptando e buscando formas de construir uma nova realidade, agarrando-se ao presente que lhe permite encontrar paz e sentido em sua vida atual.\n<\/p>\n<p>Fonte: O Globo              <\/p>\n<\/div>\n<p><br \/>\n<br \/><a href=\"https:\/\/diariodobrasilnoticias.com.br\/noticia\/homem-desperta-de-coma-apos-acidente-de-carro-acreditando-estar-em-1980-sem-reconhecer-esposa-e-filho-671c2392d4c29\">Source link <\/a><\/p>","protected":false},"excerpt":{"rendered":"<p>A vida de Luciano D&#8217;Adama mudou para sempre em 2019 ap\u00f3s um acidente de carro. Aos 68 anos, este italiano sofreu um acontecimento que o deixou em coma e, quando&hellip;<\/p>","protected":false},"author":1,"featured_media":52026,"comment_status":"closed","ping_status":"open","sticky":false,"template":"","format":"standard","meta":{"content-type":"","footnotes":""},"categories":[16],"tags":[123,2448,5313,1267],"class_list":["post-52025","post","type-post","status-publish","format-standard","has-post-thumbnail","hentry","category-noticias","tag-brasil","tag-diario","tag-noticia","tag-noticias"],"_links":{"self":[{"href":"https:\/\/tvbrazilusa.com\/pt\/wp-json\/wp\/v2\/posts\/52025","targetHints":{"allow":["GET"]}}],"collection":[{"href":"https:\/\/tvbrazilusa.com\/pt\/wp-json\/wp\/v2\/posts"}],"about":[{"href":"https:\/\/tvbrazilusa.com\/pt\/wp-json\/wp\/v2\/types\/post"}],"author":[{"embeddable":true,"href":"https:\/\/tvbrazilusa.com\/pt\/wp-json\/wp\/v2\/users\/1"}],"replies":[{"embeddable":true,"href":"https:\/\/tvbrazilusa.com\/pt\/wp-json\/wp\/v2\/comments?post=52025"}],"version-history":[{"count":1,"href":"https:\/\/tvbrazilusa.com\/pt\/wp-json\/wp\/v2\/posts\/52025\/revisions"}],"predecessor-version":[{"id":52027,"href":"https:\/\/tvbrazilusa.com\/pt\/wp-json\/wp\/v2\/posts\/52025\/revisions\/52027"}],"wp:featuredmedia":[{"embeddable":true,"href":"https:\/\/tvbrazilusa.com\/pt\/wp-json\/wp\/v2\/media\/52026"}],"wp:attachment":[{"href":"https:\/\/tvbrazilusa.com\/pt\/wp-json\/wp\/v2\/media?parent=52025"}],"wp:term":[{"taxonomy":"category","embeddable":true,"href":"https:\/\/tvbrazilusa.com\/pt\/wp-json\/wp\/v2\/categories?post=52025"},{"taxonomy":"post_tag","embeddable":true,"href":"https:\/\/tvbrazilusa.com\/pt\/wp-json\/wp\/v2\/tags?post=52025"}],"curies":[{"name":"wp","href":"https:\/\/api.w.org\/{rel}","templated":true}]}}