{"id":5204,"date":"2024-07-21T19:40:12","date_gmt":"2024-07-21T19:40:12","guid":{"rendered":"https:\/\/tvbrazilusa.com\/2024\/07\/21\/passageiros-brigam-dentro-de-trem-e-geram-tumulto-em-estacao-veja-video\/"},"modified":"2024-07-21T19:42:27","modified_gmt":"2024-07-21T19:42:27","slug":"passageiros-brigam-dentro-de-trem-e-geram-tumulto-em-estacao-veja-video","status":"publish","type":"post","link":"https:\/\/tvbrazilusa.com\/pt\/2024\/07\/21\/passageiros-brigam-dentro-de-trem-e-geram-tumulto-em-estacao-veja-video\/","title":{"rendered":"Passageiros brigam dentro de trem e geram tumulto em esta\u00e7\u00e3o; VEJA V\u00cdDEO"},"content":{"rendered":"<p> <script async src=\"https:\/\/pagead2.googlesyndication.com\/pagead\/js\/adsbygoogle.js?client=ca-pub-8864793242727901\"\r\n     crossorigin=\"anonymous\"><\/script><br \/>\n<\/p>\n<div>\n<p>Na manh\u00e3 de 21 de julho de 2024, na esta\u00e7\u00e3o Corinthians-Itaquera, em S\u00e3o Paulo, uma confus\u00e3o envolvendo alguns indiv\u00edduos acabou mobilizando a equipe de seguran\u00e7a da CPTM e evidenciando quest\u00f5es de seguran\u00e7a no transporte p\u00fablico urbano da capital paulista.<\/p>\n<p>Testemunhas relataram que pequenos tumultos come\u00e7aram de forma abrupta, gerando desconforto e medo entre os que estavam presentes. Rapidamente, agentes de seguran\u00e7a intervieram e os envolvidos foram encaminhados para uma delegacia pr\u00f3xima, na tentativa de esclarecer as causas do desentendimento que perturbou a ordem no local.<\/p>\n<blockquote class=\"instagram-media\" data-instgrm-captioned=\"\" data-instgrm-permalink=\"https:\/\/www.instagram.com\/reel\/C9skv8YRDyc\/?utm_source=ig_embed&#038;utm_campaign=loading\" data-instgrm-version=\"14\" style=\" background:#FFF; border:0; border-radius:3px; box-shadow:0 0 1px 0 rgba(0,0,0,0.5),0 1px 10px 0 rgba(0,0,0,0.15); margin: 1px; max-width:540px; min-width:326px; padding:0; width:99.375%; width:-webkit-calc(100% - 2px); width:calc(100% - 2px);\"\/>\n<h2 class=\"wp-block-heading\">Qual a resposta da CPTM sobre o incidente?<\/h2>\n<p>De acordo com a Companhia Paulista de Trens Metropolitanos (CPTM), todas as a\u00e7\u00f5es tomadas visaram garantir a seguran\u00e7a dos usu\u00e1rios do servi\u00e7o. A CPTM reitera que est\u00e1 comprometida com a manuten\u00e7\u00e3o da ordem e tranquilidade nos seus dom\u00ednios e que incidentes como o ocorrido s\u00e3o prontamente contidos para preservar a integridade f\u00edsica dos passageiros.<\/p>\n<p>A confus\u00e3o causou breves interrup\u00e7\u00f5es nos servi\u00e7os da linha, afetando o fluxo normal de embarques e desembarques no in\u00edcio da manh\u00e3. Por sorte, a paralisa\u00e7\u00e3o foi rapidamente contornada, e os servi\u00e7os foram normalizados ainda pela manh\u00e3. Este acontecimento levanta importantes questionamentos sobre a seguran\u00e7a nas esta\u00e7\u00f5es, instigando a CPTM a rever suas estrat\u00e9gias de monitoramento e resposta a emerg\u00eancias.<\/p>\n<\/p><\/div>\n<p><script async defer src=\"https:\/\/platform.instagram.com\/en_US\/embeds.js\"><\/script><br \/>\n<br \/><br \/>\n<br \/><a href=\"https:\/\/terrabrasilnoticias.com\/2024\/07\/passageiros-brigam-dentro-de-trem-e-geram-tumulto-em-estacao-veja-video\/\">Source link <\/a><\/p>","protected":false},"excerpt":{"rendered":"<p>Na manh\u00e3 de 21 de julho de 2024, na esta\u00e7\u00e3o Corinthians-Itaquera, em S\u00e3o Paulo, uma confus\u00e3o envolvendo alguns indiv\u00edduos acabou mobilizando a equipe de seguran\u00e7a da CPTM e evidenciando quest\u00f5es&hellip;<\/p>","protected":false},"author":1,"featured_media":5205,"comment_status":"closed","ping_status":"open","sticky":false,"template":"","format":"standard","meta":{"content-type":"","footnotes":""},"categories":[16],"tags":[],"class_list":["post-5204","post","type-post","status-publish","format-standard","has-post-thumbnail","hentry","category-noticias"],"_links":{"self":[{"href":"https:\/\/tvbrazilusa.com\/pt\/wp-json\/wp\/v2\/posts\/5204","targetHints":{"allow":["GET"]}}],"collection":[{"href":"https:\/\/tvbrazilusa.com\/pt\/wp-json\/wp\/v2\/posts"}],"about":[{"href":"https:\/\/tvbrazilusa.com\/pt\/wp-json\/wp\/v2\/types\/post"}],"author":[{"embeddable":true,"href":"https:\/\/tvbrazilusa.com\/pt\/wp-json\/wp\/v2\/users\/1"}],"replies":[{"embeddable":true,"href":"https:\/\/tvbrazilusa.com\/pt\/wp-json\/wp\/v2\/comments?post=5204"}],"version-history":[{"count":1,"href":"https:\/\/tvbrazilusa.com\/pt\/wp-json\/wp\/v2\/posts\/5204\/revisions"}],"predecessor-version":[{"id":5206,"href":"https:\/\/tvbrazilusa.com\/pt\/wp-json\/wp\/v2\/posts\/5204\/revisions\/5206"}],"wp:featuredmedia":[{"embeddable":true,"href":"https:\/\/tvbrazilusa.com\/pt\/wp-json\/wp\/v2\/media\/5205"}],"wp:attachment":[{"href":"https:\/\/tvbrazilusa.com\/pt\/wp-json\/wp\/v2\/media?parent=5204"}],"wp:term":[{"taxonomy":"category","embeddable":true,"href":"https:\/\/tvbrazilusa.com\/pt\/wp-json\/wp\/v2\/categories?post=5204"},{"taxonomy":"post_tag","embeddable":true,"href":"https:\/\/tvbrazilusa.com\/pt\/wp-json\/wp\/v2\/tags?post=5204"}],"curies":[{"name":"wp","href":"https:\/\/api.w.org\/{rel}","templated":true}]}}