{"id":52055,"date":"2024-10-26T04:00:00","date_gmt":"2024-10-26T04:00:00","guid":{"rendered":"https:\/\/tvbrazilusa.com\/2024\/10\/26\/lider-da-oposicao-a-nicolas-maduro-e-encontrado-morto-paulo-figueiredo\/"},"modified":"2024-10-26T04:20:59","modified_gmt":"2024-10-26T04:20:59","slug":"lider-da-oposicao-a-nicolas-maduro-e-encontrado-morto-paulo-figueiredo","status":"publish","type":"post","link":"https:\/\/tvbrazilusa.com\/pt\/2024\/10\/26\/lider-da-oposicao-a-nicolas-maduro-e-encontrado-morto-paulo-figueiredo\/","title":{"rendered":"L\u00edder da oposi\u00e7\u00e3o a Nicol\u00e1s Maduro \u00e9 encontrado morto &#8211; Paulo Figueiredo"},"content":{"rendered":"<p> <script async src=\"https:\/\/pagead2.googlesyndication.com\/pagead\/js\/adsbygoogle.js?client=ca-pub-8864793242727901\"\r\n     crossorigin=\"anonymous\"><\/script><br \/>\n<\/p>\n<div id=\"wtr-content\" data-bg=\"#FFFFFF\" data-fg=\"#006d91\" data-width=\"25\" data-mute=\"1\" data-fgopacity=\"1.00\" data-mutedopacity=\"0.5\" data-placement=\"bottom\" data-placement-offset=\"0\" data-content-offset=\"262\" data-placement-touch=\"bottom\" data-placement-offset-touch=\"0\" data-transparent=\"\" data-shadow=\"0\" data-touch=\"1\" data-non-touch=\"1\" data-comments=\"0\" data-commentsbg=\"transparent\" data-location=\"page\" data-mutedfg=\"#006d91\" data-endfg=\"#006d91\" data-rtl=\"\">\n<h3 class=\"wp-block-heading\">Partido opositor acusa o regime ditatorial de Maduro<\/h3>\n<p>O partido opositor Vontade Popular (VP) denunciou nesta sexta-feira (25) o \u201cassassinato\u201d de seu cofundador e l\u00edder do estado de Apure, no oeste da Venezuela, Edwin Santos, que havia sido detido, segundo a legenda, por agentes do Servi\u00e7o Bolivariano de Intelig\u00eancia Nacional (Sebin) na \u00faltima quarta-feira (23).<\/p>\n<p>\u2013 O Vontade Popular denuncia, de forma respons\u00e1vel e com profundo pesar perante o pa\u00eds e a comunidade internacional, o assassinato de Edwin Santos pelo regime de [Nicol\u00e1s] Maduro \u2013 afirmou em comunicado o partido, liderado pelo ex-prefeito Leopoldo L\u00f3pez.<\/p>\n<p>O partido garantiu que o ativista foi \u201cassassinado depois de ter sido sequestrado por membros das for\u00e7as de seguran\u00e7a do Estado\u201d, um \u201cfato confirmado por testemunhas no local\u201d onde ele estava.<\/p>\n<p>O VP afirmou que, at\u00e9 a tarde de quinta-feira (24), Santos estava na \u201csede da DGCIM (Dire\u00e7\u00e3o Geral de Contraintelig\u00eancia Militar) em Guasdualito\u201d, uma cidade pr\u00f3xima da fronteira com a Col\u00f4mbia.<\/p>\n<p>De acordo com o partido, o opositor foi um \u201cagente fundamental na vit\u00f3ria\u201d em Apure nas elei\u00e7\u00f5es presidenciais de 28 de julho, em refer\u00eancia \u00e0 vit\u00f3ria que a maioria antichavista, agrupada na Plataforma Democr\u00e1tica Unida (PUD), insiste que seu candidato, Edmundo Gonz\u00e1lez Urrutia, obteve nessas elei\u00e7\u00f5es, apesar de o Conselho Nacional Eleitoral (CNE) ter proclamado Maduro como vencedor.<\/p>\n<p>O VP advertiu que sua morte \u00e9 um \u201csinal pol\u00edtico claro de retalia\u00e7\u00e3o contra ele e contra o ativismo pol\u00edtico democr\u00e1tico\u201d.<\/p>\n<p>\u2013 Esse caso confirma a continuidade das pol\u00edticas de repress\u00e3o, persegui\u00e7\u00e3o e assassinato de um regime criminoso \u2013 acrescentou o partido, raz\u00e3o pela qual disse que lutar\u00e1 por uma investiga\u00e7\u00e3o independente, e conclamou o pa\u00eds a denunciar esse \u201cassassinato brutal\u201d.<\/p>\n<p>A sigla citou a falta falta de liberdade que assola o pa\u00eds e o risco iminente de viver sob a ditadura violenta que acomete a Venezuela.<\/p>\n<p>\u2013 Enquanto Nicol\u00e1s Maduro permanecer no poder, nenhum cidad\u00e3o na Venezuela, nem mesmo aqueles que agora fazem parte do regime, tem sua vida ou liberdade seguras. Maduro deve cair e a liberdade deve chegar para todos \u2013 acrescentou o VP, que expressou solidariedade \u00e0 fam\u00edlia e aos amigos do l\u00edder partid\u00e1rio.<\/p>\n<p>Santos tinha 36 anos e era o coordenador local do comando da campanha presidencial da PUD, de acordo com o Comit\u00ea de Direitos Humanos do partido Venha Venezuela (VV), que exigiu uma investiga\u00e7\u00e3o \u201ctransparente e independente\u201d.<\/p>\n<p><strong><a href=\"https:\/\/www.aliadosbrasiloficial.com.br\/noticia\/lider-da-oposicao-a-nicolas-maduro-e-encontrado-morto\">Source link<\/a><\/strong><\/p>\n<\/div>\n<p><br \/>\n<br \/><a href=\"https:\/\/paulofigueiredoshow.com\/lider-da-oposicao-a-nicolas-maduro-e-encontrado-morto\/\">Source link <\/a><\/p>","protected":false},"excerpt":{"rendered":"<p>Partido opositor acusa o regime ditatorial de Maduro O partido opositor Vontade Popular (VP) denunciou nesta sexta-feira (25) o \u201cassassinato\u201d de seu cofundador e l\u00edder do estado de Apure, no&hellip;<\/p>","protected":false},"author":1,"featured_media":4048,"comment_status":"closed","ping_status":"open","sticky":false,"template":"","format":"standard","meta":{"content-type":"","footnotes":""},"categories":[16],"tags":[5302,1100,4716,4747,29638],"class_list":["post-52055","post","type-post","status-publish","format-standard","has-post-thumbnail","hentry","category-noticias","tag-chavista","tag-ditador","tag-lider","tag-regime","tag-vp"],"_links":{"self":[{"href":"https:\/\/tvbrazilusa.com\/pt\/wp-json\/wp\/v2\/posts\/52055","targetHints":{"allow":["GET"]}}],"collection":[{"href":"https:\/\/tvbrazilusa.com\/pt\/wp-json\/wp\/v2\/posts"}],"about":[{"href":"https:\/\/tvbrazilusa.com\/pt\/wp-json\/wp\/v2\/types\/post"}],"author":[{"embeddable":true,"href":"https:\/\/tvbrazilusa.com\/pt\/wp-json\/wp\/v2\/users\/1"}],"replies":[{"embeddable":true,"href":"https:\/\/tvbrazilusa.com\/pt\/wp-json\/wp\/v2\/comments?post=52055"}],"version-history":[{"count":1,"href":"https:\/\/tvbrazilusa.com\/pt\/wp-json\/wp\/v2\/posts\/52055\/revisions"}],"predecessor-version":[{"id":52056,"href":"https:\/\/tvbrazilusa.com\/pt\/wp-json\/wp\/v2\/posts\/52055\/revisions\/52056"}],"wp:featuredmedia":[{"embeddable":true,"href":"https:\/\/tvbrazilusa.com\/pt\/wp-json\/wp\/v2\/media\/4048"}],"wp:attachment":[{"href":"https:\/\/tvbrazilusa.com\/pt\/wp-json\/wp\/v2\/media?parent=52055"}],"wp:term":[{"taxonomy":"category","embeddable":true,"href":"https:\/\/tvbrazilusa.com\/pt\/wp-json\/wp\/v2\/categories?post=52055"},{"taxonomy":"post_tag","embeddable":true,"href":"https:\/\/tvbrazilusa.com\/pt\/wp-json\/wp\/v2\/tags?post=52055"}],"curies":[{"name":"wp","href":"https:\/\/api.w.org\/{rel}","templated":true}]}}