{"id":52057,"date":"2024-10-26T04:46:41","date_gmt":"2024-10-26T04:46:41","guid":{"rendered":"https:\/\/tvbrazilusa.com\/2024\/10\/26\/inflacao-mensal-de-energia-de-outubro-foi-a-maior-desde-2020\/"},"modified":"2024-10-26T04:46:43","modified_gmt":"2024-10-26T04:46:43","slug":"inflacao-mensal-de-energia-de-outubro-foi-a-maior-desde-2020","status":"publish","type":"post","link":"https:\/\/tvbrazilusa.com\/pt\/2024\/10\/26\/inflacao-mensal-de-energia-de-outubro-foi-a-maior-desde-2020\/","title":{"rendered":"Infla\u00e7\u00e3o mensal de energia de Outubro foi a maior desde 2020"},"content":{"rendered":"<p> <script async src=\"https:\/\/pagead2.googlesyndication.com\/pagead\/js\/adsbygoogle.js?client=ca-pub-8864793242727901\"\r\n     crossorigin=\"anonymous\"><\/script><br \/>\n<\/p>\n<div id=\"taboola-read-more\" style=\"display:block; width:100%\">\n<p>A infla\u00e7\u00e3o da energia residencial teve a maior alta mensal da hist\u00f3ria em outubro, segundo dados da pr\u00e9via da infla\u00e7\u00e3o. O IPCA-15 (\u00cdndice Nacional de Pre\u00e7os ao Consumidor Amplo 15) foi de 5,29% no m\u00eas. Essa foi a maior taxa mensal da s\u00e9rie hist\u00f3rica, iniciada em 2020.\n<\/p>\n<p>O custo da energia el\u00e9trica foi o principal item de impacto na taxa de infla\u00e7\u00e3o mensal. A pr\u00e9via da infla\u00e7\u00e3o de outubro foi de 0,54%, acima das proje\u00e7\u00f5es dos analistas do mercado financeiro.<\/p>\n<p>A infla\u00e7\u00e3o da energia el\u00e9trica residencial fica no grupo de infla\u00e7\u00e3o, que subiu 1,72% no m\u00eas. A alta da energia aumentou de 0,84% em setembro para 5,29% em outubro.\n<\/p>\n<p>O motivo: a cobran\u00e7a da bandeira tarif\u00e1ria vermelha patamar 2 a partir de 1\u00ba de outubro. Esse patamar foi acionado por causa da pior seca no pa\u00eds em 75 anos, o que reduziu os reservat\u00f3rios h\u00eddricos e impulsionou o acionamento de t\u00e9rmicas para suprir a demanda \u2013aumentando o custo da energia.\n<\/p>\n<p>S\u00f3 a infla\u00e7\u00e3o de energia el\u00e9trica residencial foi respons\u00e1vel por um impacto de 0,21 ponto percentual na taxa de 0,54% do m\u00eas. Foi o que mais elevou a taxa mensal.\n<\/p>\n<p>A bandeira tarif\u00e1ria vermelha patamar 2 \u00e9 a que mais impacta na conta de luz. H\u00e1 uma cobran\u00e7a adicional de R$ 7,87 a cada 100 KWh (quilowatt-hora) consumidos.\n<\/p>\n<p>O pa\u00eds est\u00e1 com bandeira vermelha desde setembro. Mas, no m\u00eas passado, o patamar era \u201c1\u201d, quando a cobran\u00e7a adicional \u00e9 de R$ 4,46 a cada 100 KWh.\n<\/p>\n<p>A bandeira \u00e9 definida pela Aneel (Ag\u00eancia Nacional de Energia El\u00e9trica). O sistema de bandeiras foi implementado em 2015. Antes, uma eventual cobran\u00e7a adicional era definida para o ano subsequente.\n<\/p>\n<p>Nesta 6\u00aa feira (25.out), por\u00e9m, a ag\u00eancia informou que a bandeira tarif\u00e1ria ser\u00e1 amarela em novembro. O motivo \u00e9 a volta das chuvas no pa\u00eds, que alivia a press\u00e3o sobre as hidrel\u00e9tricas com a seca nos \u00faltimos meses.\n<\/p>\n<p>Em 2021, o Brasil passou por um crise h\u00eddrica, o que fez a Aneel criar uma \u201cnova bandeira\u201d, a de escassez h\u00eddrica. De setembro de 2021 a meados de abril de 2022, houve uma cobran\u00e7a adicional de R$ 14,20 para cada 100 KWh consumidos.\n<\/p>\n<p>PR\u00c9VIA DA INFLA\u00c7\u00c3O<br \/>O IPCA-15 \u00e9 calculado com base em pre\u00e7os coletados de 14 de setembro a 11 de outubro. Compara com os pre\u00e7os de 15 de agosto a 13 de setembro.\n<\/p>\n<p>O \u00edndice mede a infla\u00e7\u00e3o das fam\u00edlias com rendimento de 1 a 40 sal\u00e1rios-m\u00ednimos e abrange as regi\u00f5es metropolitanas do Rio de Janeiro, Porto Alegre, Belo Horizonte, Recife, S\u00e3o Paulo, Bel\u00e9m, Fortaleza, Salvador e Curitiba, al\u00e9m de Bras\u00edlia e do munic\u00edpio de Goi\u00e2nia. A infla\u00e7\u00e3o oficial do pa\u00eds \u00e9 medida pelo IPCA (\u00cdndice Nacional de Pre\u00e7os ao Consumidor Amplo).\n<\/p>\n<p>Fonte: Poder 360              <\/p>\n<\/div>\n<p><br \/>\n<br \/><a href=\"https:\/\/diariodobrasilnoticias.com.br\/noticia\/inflacao-mensal-de-energia-de-outubro-foi-a-maior-desde-2020-671c27d5a53ad\">Source link <\/a><\/p>","protected":false},"excerpt":{"rendered":"<p>A infla\u00e7\u00e3o da energia residencial teve a maior alta mensal da hist\u00f3ria em outubro, segundo dados da pr\u00e9via da infla\u00e7\u00e3o. O IPCA-15 (\u00cdndice Nacional de Pre\u00e7os ao Consumidor Amplo 15)&hellip;<\/p>","protected":false},"author":1,"featured_media":52058,"comment_status":"closed","ping_status":"open","sticky":false,"template":"","format":"standard","meta":{"content-type":"","footnotes":""},"categories":[16],"tags":[123,2448,5313,1267],"class_list":["post-52057","post","type-post","status-publish","format-standard","has-post-thumbnail","hentry","category-noticias","tag-brasil","tag-diario","tag-noticia","tag-noticias"],"_links":{"self":[{"href":"https:\/\/tvbrazilusa.com\/pt\/wp-json\/wp\/v2\/posts\/52057","targetHints":{"allow":["GET"]}}],"collection":[{"href":"https:\/\/tvbrazilusa.com\/pt\/wp-json\/wp\/v2\/posts"}],"about":[{"href":"https:\/\/tvbrazilusa.com\/pt\/wp-json\/wp\/v2\/types\/post"}],"author":[{"embeddable":true,"href":"https:\/\/tvbrazilusa.com\/pt\/wp-json\/wp\/v2\/users\/1"}],"replies":[{"embeddable":true,"href":"https:\/\/tvbrazilusa.com\/pt\/wp-json\/wp\/v2\/comments?post=52057"}],"version-history":[{"count":1,"href":"https:\/\/tvbrazilusa.com\/pt\/wp-json\/wp\/v2\/posts\/52057\/revisions"}],"predecessor-version":[{"id":52059,"href":"https:\/\/tvbrazilusa.com\/pt\/wp-json\/wp\/v2\/posts\/52057\/revisions\/52059"}],"wp:featuredmedia":[{"embeddable":true,"href":"https:\/\/tvbrazilusa.com\/pt\/wp-json\/wp\/v2\/media\/52058"}],"wp:attachment":[{"href":"https:\/\/tvbrazilusa.com\/pt\/wp-json\/wp\/v2\/media?parent=52057"}],"wp:term":[{"taxonomy":"category","embeddable":true,"href":"https:\/\/tvbrazilusa.com\/pt\/wp-json\/wp\/v2\/categories?post=52057"},{"taxonomy":"post_tag","embeddable":true,"href":"https:\/\/tvbrazilusa.com\/pt\/wp-json\/wp\/v2\/tags?post=52057"}],"curies":[{"name":"wp","href":"https:\/\/api.w.org\/{rel}","templated":true}]}}