{"id":52062,"date":"2024-10-26T05:21:06","date_gmt":"2024-10-26T05:21:06","guid":{"rendered":"https:\/\/tvbrazilusa.com\/2024\/10\/26\/as-chuvas-em-sp-levaram-o-aeroporto-de-congonhas-a-cancelar-25-voos\/"},"modified":"2024-10-26T05:21:07","modified_gmt":"2024-10-26T05:21:07","slug":"as-chuvas-em-sp-levaram-o-aeroporto-de-congonhas-a-cancelar-25-voos","status":"publish","type":"post","link":"https:\/\/tvbrazilusa.com\/pt\/2024\/10\/26\/as-chuvas-em-sp-levaram-o-aeroporto-de-congonhas-a-cancelar-25-voos\/","title":{"rendered":"As chuvas em SP levaram o aeroporto de Congonhas a cancelar 25 voos."},"content":{"rendered":"<p> <script async src=\"https:\/\/pagead2.googlesyndication.com\/pagead\/js\/adsbygoogle.js?client=ca-pub-8864793242727901\"\r\n     crossorigin=\"anonymous\"><\/script><br \/>\n<\/p>\n<div id=\"taboola-read-more\" style=\"display:block; width:100%\">\n<p>Um dia ap\u00f3s mais uma chuva que causou transtornos em S\u00e3o Paulo, o aeroporto de Congonhas, na zona sul da capital, teve 25 voos cancelados nesta sexta-feira (25) segundo registrava \u00e0s 17h15 o site da concession\u00e1ria que administra o aeroporto. Eram 14 voos da Gol Linhas A\u00e9reas e 11 da Latam, sendo 15 deles at\u00e9 as 16h30 e 10 a partir desse hor\u00e1rio.\n<\/p>\n<p>Em nota, a Latam informou que \u201cseus voos de\/para S\u00e3o Paulo\/Congonhas e de\/para S\u00e3o Paulo\/Guarulhos desta sexta-feira foram cancelados ou atrasados devido \u00e0s fortes chuvas na capital paulista, fato totalmente alheio ao seu controle\u201d.<\/p>\n<p>N\u00e3o houve registro de chuva durante a tarde na regi\u00e3o do aeroporto, mas cancelamentos e desvios de rota causaram aglomera\u00e7\u00e3o em Congonhas. O farmac\u00eautico cl\u00ednico Paulo Zanfolim Garcia, de 28 anos, passou quase 24 horas entre dois aeroportos devido a cancelamentos de voos da Latam.\n<\/p>\n<p>Ele partiria de S\u00e3o Jos\u00e9 do Rio Preto \u00e0s 20h de quinta-feira, faria conex\u00e3o no aeroporto de Cumbica, em Guarulhos, e desembarcaria em Curitiba no in\u00edcio desta sexta-feira. Mas o voo inicial foi cancelado \u2013 ele conta que ficou sabendo porque consultou um aplicativo, mas s\u00f3 foi avisado oficialmente, no aeroporto onde esperava o voo, \u00e0s 23h20.\n<\/p>\n<p>\u2013 A empresa (Latam) orientou a pegar um voo da Azul que partiu de Rio Preto \u00e0s 5h20 at\u00e9 Campinas, e de l\u00e1 seria levado de t\u00e1xi at\u00e9 Congonhas. Quando cheguei a Campinas, tive enorme dificuldade para localizar algu\u00e9m da Latam, mas, enfim, consegui resolver e cheguei em Congonhas \u00e0s 8h\u201d, relata Garcia. \u201cAqui, primeiro eu embarcaria para Curitiba \u00e0s 9h20, depois \u00e0s 10h40, \u00e0s 14h e finalmente \u00e0s 16h55. Quando esse voo tamb\u00e9m foi cancelado, desisti de viajar, ent\u00e3o pedi pra voltar pra Rio Preto. Iria embarcar \u00e0s 16h35, mas acabo de ser avisado que foi cancelado tamb\u00e9m \u2013 lamentou o farmac\u00eautico.\n<\/p>\n<p>Garcia viajaria a trabalho, com outros dois colegas, para uma visita t\u00e9cnica em Curitiba na manh\u00e3 desta sexta-feira. Devido aos cancelamentos, o compromisso profissional ter\u00e1 de ser remarcado.\n<\/p>\n<p>A jornalista Ana Marsiglia, de 28 anos, partiria de Congonhas para Salvador, pela Gol, \u00e0s 6h de hoje. Dois dias antes da viagem, a empresa remarcou para as 7h, e nesta sexta-feira houve atraso de uma hora e o voo partiu \u00e0s 8h.\n<\/p>\n<p>\u2013 Estava um pouco ca\u00f3tico (o aeroporto) \u2013 afirmou.\n<\/p>\n<p>A concession\u00e1ria que administra o aeroporto de Congonhas afirmou em nota divulgada na tarde desta sexta-feira que ele \u201copera normalmente para pousos e decolagens\u201d e que \u201cpor ajustes de malha a\u00e9rea das companhias, houve 15 decolagens canceladas at\u00e9 as 16h30\u201d.\n<\/p>\n<p>A Latam orienta os passageiros a consultarem o status de seu voo na se\u00e7\u00e3o \u2018Minhas Viagens\u2019, em latam.com, antes de se dirigirem aos aeroportos.\n<\/p>\n<p>\u2013 A Latam lamenta os transtornos causados e reitera que adota todas as medidas de seguran\u00e7a t\u00e9cnicas e operacionais para garantir uma viagem segura para todos \u2013 conclui a empresa, na nota.\n<\/p>\n<p>Fonte: Pleno News              <\/p>\n<\/div>\n<p><br \/>\n<br \/><a href=\"https:\/\/diariodobrasilnoticias.com.br\/noticia\/as-chuvas-em-sp-levaram-o-aeroporto-de-congonhas-a-cancelar-25-voos-671c296198986\">Source link <\/a><\/p>","protected":false},"excerpt":{"rendered":"<p>Um dia ap\u00f3s mais uma chuva que causou transtornos em S\u00e3o Paulo, o aeroporto de Congonhas, na zona sul da capital, teve 25 voos cancelados nesta sexta-feira (25) segundo registrava&hellip;<\/p>","protected":false},"author":1,"featured_media":52063,"comment_status":"closed","ping_status":"open","sticky":false,"template":"","format":"standard","meta":{"content-type":"","footnotes":""},"categories":[16],"tags":[123,2448,5313,1267],"class_list":["post-52062","post","type-post","status-publish","format-standard","has-post-thumbnail","hentry","category-noticias","tag-brasil","tag-diario","tag-noticia","tag-noticias"],"_links":{"self":[{"href":"https:\/\/tvbrazilusa.com\/pt\/wp-json\/wp\/v2\/posts\/52062","targetHints":{"allow":["GET"]}}],"collection":[{"href":"https:\/\/tvbrazilusa.com\/pt\/wp-json\/wp\/v2\/posts"}],"about":[{"href":"https:\/\/tvbrazilusa.com\/pt\/wp-json\/wp\/v2\/types\/post"}],"author":[{"embeddable":true,"href":"https:\/\/tvbrazilusa.com\/pt\/wp-json\/wp\/v2\/users\/1"}],"replies":[{"embeddable":true,"href":"https:\/\/tvbrazilusa.com\/pt\/wp-json\/wp\/v2\/comments?post=52062"}],"version-history":[{"count":1,"href":"https:\/\/tvbrazilusa.com\/pt\/wp-json\/wp\/v2\/posts\/52062\/revisions"}],"predecessor-version":[{"id":52064,"href":"https:\/\/tvbrazilusa.com\/pt\/wp-json\/wp\/v2\/posts\/52062\/revisions\/52064"}],"wp:featuredmedia":[{"embeddable":true,"href":"https:\/\/tvbrazilusa.com\/pt\/wp-json\/wp\/v2\/media\/52063"}],"wp:attachment":[{"href":"https:\/\/tvbrazilusa.com\/pt\/wp-json\/wp\/v2\/media?parent=52062"}],"wp:term":[{"taxonomy":"category","embeddable":true,"href":"https:\/\/tvbrazilusa.com\/pt\/wp-json\/wp\/v2\/categories?post=52062"},{"taxonomy":"post_tag","embeddable":true,"href":"https:\/\/tvbrazilusa.com\/pt\/wp-json\/wp\/v2\/tags?post=52062"}],"curies":[{"name":"wp","href":"https:\/\/api.w.org\/{rel}","templated":true}]}}