{"id":5207,"date":"2024-07-21T19:46:11","date_gmt":"2024-07-21T19:46:11","guid":{"rendered":"https:\/\/tvbrazilusa.com\/2024\/07\/21\/entenda-porque-lulistas-estao-chamando-ciro-gomes-de-bolsonarista\/"},"modified":"2024-07-21T19:48:21","modified_gmt":"2024-07-21T19:48:21","slug":"entenda-porque-lulistas-estao-chamando-ciro-gomes-de-bolsonarista","status":"publish","type":"post","link":"https:\/\/tvbrazilusa.com\/pt\/2024\/07\/21\/entenda-porque-lulistas-estao-chamando-ciro-gomes-de-bolsonarista\/","title":{"rendered":"Entenda porque Lulistas est\u00e3o chamando Ciro Gomes de Bolsonarista"},"content":{"rendered":"<p> <script async src=\"https:\/\/pagead2.googlesyndication.com\/pagead\/js\/adsbygoogle.js?client=ca-pub-8864793242727901\"\r\n     crossorigin=\"anonymous\"><\/script><br \/>\n<\/p>\n<div>\n<p>Recentemente, uma reviravolta pol\u00edtica ocorreu em Crato, Cear\u00e1, envolvendo Ciro Gomes, ex-governador do estado. Em um movimento surpreendente, Ciro decidiu apoiar uma chapa de oposi\u00e7\u00e3o ao PT, aliando-se a pol\u00edticos ligados ao ex-presidente Jair Bolsonaro. Esta estrat\u00e9gia gerou ampla discuss\u00e3o pol\u00edtica e divis\u00f5es entre os apoiadores tradicionais de Ciro.<\/p>\n<p><strong>Alian\u00e7a Pol\u00edtica<\/strong>: A uni\u00e3o de Ciro Gomes com figuras como Capit\u00e3o Wagner, pr\u00e9-candidato \u00e0 prefeitura de Fortaleza, e Carmelo Neto, ex-deputado do Partido Liberal, foi oficializada durante uma conven\u00e7\u00e3o partid\u00e1ria. Este evento significativo visa fortalecer uma nova frente pol\u00edtica contra a candidatura do PT no munic\u00edpio de Crato.<\/p>\n<h2 class=\"wp-block-heading\">O que significa a alian\u00e7a de Ciro Gomes com ex-aliados de Bolsonaro?<\/h2>\n<p>No cen\u00e1rio pol\u00edtico atual, as estrat\u00e9gias de alian\u00e7as podem determinar grandemente as din\u00e2micas eleitorais. Ciro Gomes, ao se aliar a personagens que anteriormente estavam no espectro pol\u00edtico de Bolsonaro, busca criar um novo espa\u00e7o de oposi\u00e7\u00e3o no Nordeste, particularmente em Crato. Este movimento sugere uma jogada estrat\u00e9gica para reconfigurar sua posi\u00e7\u00e3o e influ\u00eancia na regi\u00e3o.<\/p>\n<p>O an\u00fancio da alian\u00e7a provocou um verdadeiro burburinho nas redes sociais, com muitos eleitores e pol\u00edticos expressando tanto apoio quanto cr\u00edtica a Ciro. A hashtag #cirobolsonarista rapidamente dominou as discuss\u00f5es online, evidenciando a polariza\u00e7\u00e3o do p\u00fablico em face desta nova configura\u00e7\u00e3o pol\u00edtica.<\/p>\n<h2 class=\"wp-block-heading\">O Impacto da Alian\u00e7a para o Futuro Pol\u00edtico de Crato<\/h2>\n<p>O apoio de Ciro Gomes a esta nova chapa em Crato pode alterar significativamente o panorama pol\u00edtico local. Dr. Alu\u00edzio, candidato \u00e0 prefeitura pelo Uni\u00e3o Brasil, agora ganha um apoio de peso que pode ser decisivo na luta pelo comando municipal. Al\u00e9m disso, a presen\u00e7a de figuras pol\u00edticas de renome nacional na campanha tem o potencial de atrair maior aten\u00e7\u00e3o e recursos para a regi\u00e3o.<\/p>\n<p>Em conclus\u00e3o, enquanto alguns consideram a alian\u00e7a de Ciro com ex-aliados de Bolsonaro como uma estrat\u00e9gia ousada e necess\u00e1ria, outros v\u00eaem como um comprometimento de seus princ\u00edpios pol\u00edticos hist\u00f3ricos. O desenrolar desta situa\u00e7\u00e3o em Crato ser\u00e1 crucial para entendermos o futuro pol\u00edtico de Ciro Gomes e o impacto de sua decis\u00e3o n\u00e3o s\u00f3 na localidade, mas em todo o cen\u00e1rio pol\u00edtico nacional.<\/p>\n<\/p><\/div>\n<p><br \/>\n<br \/><a href=\"https:\/\/terrabrasilnoticias.com\/2024\/07\/entenda-porque-lulistas-estao-chamando-ciro-gomes-de-bolsonarista\/\">Source link <\/a><\/p>","protected":false},"excerpt":{"rendered":"<p>Recentemente, uma reviravolta pol\u00edtica ocorreu em Crato, Cear\u00e1, envolvendo Ciro Gomes, ex-governador do estado. Em um movimento surpreendente, Ciro decidiu apoiar uma chapa de oposi\u00e7\u00e3o ao PT, aliando-se a pol\u00edticos&hellip;<\/p>","protected":false},"author":1,"featured_media":5208,"comment_status":"closed","ping_status":"open","sticky":false,"template":"","format":"standard","meta":{"content-type":"","footnotes":""},"categories":[16],"tags":[],"class_list":["post-5207","post","type-post","status-publish","format-standard","has-post-thumbnail","hentry","category-noticias"],"_links":{"self":[{"href":"https:\/\/tvbrazilusa.com\/pt\/wp-json\/wp\/v2\/posts\/5207","targetHints":{"allow":["GET"]}}],"collection":[{"href":"https:\/\/tvbrazilusa.com\/pt\/wp-json\/wp\/v2\/posts"}],"about":[{"href":"https:\/\/tvbrazilusa.com\/pt\/wp-json\/wp\/v2\/types\/post"}],"author":[{"embeddable":true,"href":"https:\/\/tvbrazilusa.com\/pt\/wp-json\/wp\/v2\/users\/1"}],"replies":[{"embeddable":true,"href":"https:\/\/tvbrazilusa.com\/pt\/wp-json\/wp\/v2\/comments?post=5207"}],"version-history":[{"count":1,"href":"https:\/\/tvbrazilusa.com\/pt\/wp-json\/wp\/v2\/posts\/5207\/revisions"}],"predecessor-version":[{"id":5209,"href":"https:\/\/tvbrazilusa.com\/pt\/wp-json\/wp\/v2\/posts\/5207\/revisions\/5209"}],"wp:featuredmedia":[{"embeddable":true,"href":"https:\/\/tvbrazilusa.com\/pt\/wp-json\/wp\/v2\/media\/5208"}],"wp:attachment":[{"href":"https:\/\/tvbrazilusa.com\/pt\/wp-json\/wp\/v2\/media?parent=5207"}],"wp:term":[{"taxonomy":"category","embeddable":true,"href":"https:\/\/tvbrazilusa.com\/pt\/wp-json\/wp\/v2\/categories?post=5207"},{"taxonomy":"post_tag","embeddable":true,"href":"https:\/\/tvbrazilusa.com\/pt\/wp-json\/wp\/v2\/tags?post=5207"}],"curies":[{"name":"wp","href":"https:\/\/api.w.org\/{rel}","templated":true}]}}