{"id":52073,"date":"2024-10-26T07:03:05","date_gmt":"2024-10-26T07:03:05","guid":{"rendered":"https:\/\/tvbrazilusa.com\/2024\/10\/26\/justica-condena-df-a-indenizar-familia-de-autista-humilhado-em-escola\/"},"modified":"2024-10-26T07:03:06","modified_gmt":"2024-10-26T07:03:06","slug":"justica-condena-df-a-indenizar-familia-de-autista-humilhado-em-escola","status":"publish","type":"post","link":"https:\/\/tvbrazilusa.com\/pt\/2024\/10\/26\/justica-condena-df-a-indenizar-familia-de-autista-humilhado-em-escola\/","title":{"rendered":"Justi\u00e7a condena DF a indenizar fam\u00edlia de autista humilhado em escola"},"content":{"rendered":"<p> <script async src=\"https:\/\/pagead2.googlesyndication.com\/pagead\/js\/adsbygoogle.js?client=ca-pub-8864793242727901\"\r\n     crossorigin=\"anonymous\"><\/script><br \/>\n<\/p>\n<div id=\"taboola-read-more\" style=\"display:block; width:100%\">\n<p>O Distrito Federal foi condenado a pagar R$ 50 mil \u00e0 fam\u00edlia de um garoto de 11 anos diagnosticado com Transtorno do Espectro Autista (TEA). Como noticiado pelo Metr\u00f3poles em julho de 2023, a crian\u00e7a havia sofrido maus-tratos na Escola Classe (EC) n\u00ba 8 do Guar\u00e1 2.\n<\/p>\n<p>\u00c0 Justi\u00e7a, a Procuradoria-Geral do Distrito Federal (PGDF) argumentou que n\u00e3o havia rela\u00e7\u00e3o entre os danos sofridos pela crian\u00e7a e a atua\u00e7\u00e3o do Estado. Por\u00e9m, o TJDFT reconheceu a responsabilidade do Executivo local em garantir a prote\u00e7\u00e3o da integridade f\u00edsica e ps\u00edquica dos alunos sob responsabilidade do col\u00e9gio p\u00fablico. Cabe recurso da decis\u00e3o.<\/p>\n<p>O caso<br \/>\u00c0 \u00e9poca dos fatos, a m\u00e3e da v\u00edtima contou ao Metr\u00f3poles que come\u00e7ou a desconfiar de que havia algo errado quando o filho, que sempre gostou do col\u00e9gio, passou a n\u00e3o querer ir mais \u00e0s aulas, a esconder os materiais escolares e a repetir frases como \u201cmenino chato\u201d e \u201cvai ficar de castigo\u201d. \u201cNo hor\u00e1rio de ir para aula, ele fica se mordendo e se mutilando\u201d, completou a m\u00e3e.\n<\/p>\n<p>A fam\u00edlia tamb\u00e9m percebeu regress\u00e3o na aprendizagem do menino e que o filho voltava todos os dias para casa sujo de urina e fezes. A partir desses sinais, a m\u00e3e decidiu colocar um tablet na mochila da crian\u00e7a, para registrar o dia do filho, desde o transporte escolar at\u00e9 o retorno para casa.\n<\/p>\n<p>Os \u00e1udios s\u00e3o referentes a tr\u00eas dias: 5, 9 e 12 de junho de 2023. As grava\u00e7\u00f5es revelaram um comportamento abusivo da ent\u00e3o professora da crian\u00e7a, Samantha Christine Soares Gurgel, n\u00e3o s\u00f3 com o menino, mas com os demais alunos da classe.\n<\/p>\n<p>\u201cO tablet ficava dentro de um saquinho, enrolado em um casaco e dentro da mochila. Ainda assim, os gritos parecem estar no ouvido [de quem escuta a grava\u00e7\u00e3o]. Imagina para uma crian\u00e7a que \u00e9 especial ouvir essas gritarias?\u201d, questionou a m\u00e3e do menino.\n<\/p>\n<p>Na decis\u00e3o de primeira inst\u00e2ncia, o juiz Daniel Eduardo Branco Carnacchioni, da 2\u00aa Vara da Fazenda P\u00fablica do Distrito Federal, considerou que as provas evidenciaram a \u201cocorr\u00eancia de pr\u00e1ticas de maus-tratos \u00e0s crian\u00e7as da turma\u201d e que a omiss\u00e3o do col\u00e9gio em rela\u00e7\u00e3o \u00e0s condutas da professora \u201cviolou o dever de guarda e cust\u00f3dia, o que caracterizou omiss\u00e3o il\u00edcita\u201d. \u201c\u00c9 ineg\u00e1vel que a atitude evidencia desrespeito aos direitos fundamentais da crian\u00e7a\u201d, completou o magistrado.\n<\/p>\n<p>Fonte: Metr\u00f3poles              <\/p>\n<\/div>\n<p><br \/>\n<br \/><a href=\"https:\/\/diariodobrasilnoticias.com.br\/noticia\/justica-condena-df-a-indenizar-familia-de-autista-humilhado-em-escola-671c24a680138\">Source link <\/a><\/p>","protected":false},"excerpt":{"rendered":"<p>O Distrito Federal foi condenado a pagar R$ 50 mil \u00e0 fam\u00edlia de um garoto de 11 anos diagnosticado com Transtorno do Espectro Autista (TEA). Como noticiado pelo Metr\u00f3poles em&hellip;<\/p>","protected":false},"author":1,"featured_media":52074,"comment_status":"closed","ping_status":"open","sticky":false,"template":"","format":"standard","meta":{"content-type":"","footnotes":""},"categories":[16],"tags":[123,2448,5313,1267],"class_list":["post-52073","post","type-post","status-publish","format-standard","has-post-thumbnail","hentry","category-noticias","tag-brasil","tag-diario","tag-noticia","tag-noticias"],"_links":{"self":[{"href":"https:\/\/tvbrazilusa.com\/pt\/wp-json\/wp\/v2\/posts\/52073","targetHints":{"allow":["GET"]}}],"collection":[{"href":"https:\/\/tvbrazilusa.com\/pt\/wp-json\/wp\/v2\/posts"}],"about":[{"href":"https:\/\/tvbrazilusa.com\/pt\/wp-json\/wp\/v2\/types\/post"}],"author":[{"embeddable":true,"href":"https:\/\/tvbrazilusa.com\/pt\/wp-json\/wp\/v2\/users\/1"}],"replies":[{"embeddable":true,"href":"https:\/\/tvbrazilusa.com\/pt\/wp-json\/wp\/v2\/comments?post=52073"}],"version-history":[{"count":1,"href":"https:\/\/tvbrazilusa.com\/pt\/wp-json\/wp\/v2\/posts\/52073\/revisions"}],"predecessor-version":[{"id":52075,"href":"https:\/\/tvbrazilusa.com\/pt\/wp-json\/wp\/v2\/posts\/52073\/revisions\/52075"}],"wp:featuredmedia":[{"embeddable":true,"href":"https:\/\/tvbrazilusa.com\/pt\/wp-json\/wp\/v2\/media\/52074"}],"wp:attachment":[{"href":"https:\/\/tvbrazilusa.com\/pt\/wp-json\/wp\/v2\/media?parent=52073"}],"wp:term":[{"taxonomy":"category","embeddable":true,"href":"https:\/\/tvbrazilusa.com\/pt\/wp-json\/wp\/v2\/categories?post=52073"},{"taxonomy":"post_tag","embeddable":true,"href":"https:\/\/tvbrazilusa.com\/pt\/wp-json\/wp\/v2\/tags?post=52073"}],"curies":[{"name":"wp","href":"https:\/\/api.w.org\/{rel}","templated":true}]}}