{"id":52117,"date":"2024-10-26T11:14:51","date_gmt":"2024-10-26T11:14:51","guid":{"rendered":"https:\/\/tvbrazilusa.com\/2024\/10\/26\/israelenses-virao-ataques-contra-o-ira-como-decepcionantes-e-eua-mostra-sua-forca-em-frear-aliado\/"},"modified":"2024-10-26T11:14:52","modified_gmt":"2024-10-26T11:14:52","slug":"israelenses-virao-ataques-contra-o-ira-como-decepcionantes-e-eua-mostra-sua-forca-em-frear-aliado","status":"publish","type":"post","link":"https:\/\/tvbrazilusa.com\/pt\/2024\/10\/26\/israelenses-virao-ataques-contra-o-ira-como-decepcionantes-e-eua-mostra-sua-forca-em-frear-aliado\/","title":{"rendered":"Israelenses vir\u00e3o ataques contra o Ir\u00e3 como \u201cdecepcionantes\u201d e EUA mostra sua for\u00e7a em frear aliado"},"content":{"rendered":"<p> <script async src=\"https:\/\/pagead2.googlesyndication.com\/pagead\/js\/adsbygoogle.js?client=ca-pub-8864793242727901\"\r\n     crossorigin=\"anonymous\"><\/script><br \/>\n<\/p>\n<div>\n<figure class=\"post-image\">\n<\/figure>\n<p>            <span style=\"font-size: 12px\">Foto: SKY NEWS<\/span><\/p>\n<p>            <!-- end metas --><br \/>\n            <!-- ADS --><\/p>\n<div id=\"taboola-read-more\" style=\"display:block; width:100%\">\n<p>Em uma decis\u00e3o que marcou um novo cap\u00edtulo nas tens\u00f5es regionais, Israel lan\u00e7ou ataques contra alvos militares no Ir\u00e3 em retalia\u00e7\u00e3o aos ataques iranianos de 1 de outubro de 2024. O que inicialmente parecia ser uma resposta robusta, na percep\u00e7\u00e3o da popula\u00e7\u00e3o israelense, acabou sendo caracterizada como menos destrutiva do que o esperado.\n<\/p>\n<p>*Analise e perspectiva*<\/p>\n<p>Os ataques israelenses foram descritos como &#8220;ataques precisos e dirigidos&#8221; contra locais de fabrica\u00e7\u00e3o de m\u00edsseis e baterias de m\u00edsseis terra-ar no Ir\u00e3, visando minimizar danos colaterais mas maximizar a mensagem de retalia\u00e7\u00e3o. A m\u00eddia local e postagens em redes sociais, como as do Canal 13, refletiram uma sensa\u00e7\u00e3o de anticl\u00edmax, qualificando os ataques como &#8220;decepcionantes&#8221;. Isso sugere uma expectativa de uma resposta mais contundente, possivelmente influenciada pela escalada hist\u00f3rica de conflitos entre Israel e seus vizinhos.\n<\/p>\n<p>A modera\u00e7\u00e3o na intensidade dos ataques pode ser atribu\u00edda \u00e0 influ\u00eancia dos Estados Unidos, um aliado crucial de Israel. Houve uma clara inten\u00e7\u00e3o dos EUA em evitar que Israel atacasse instala\u00e7\u00f5es petrol\u00edferas e nucleares no Ir\u00e3, uma decis\u00e3o que reflete preocupa\u00e7\u00f5es geopol\u00edticas e econ\u00f4micas. A administra\u00e7\u00e3o Biden temia que uma resposta mais agressiva pudesse n\u00e3o s\u00f3 escalar o conflito para n\u00edveis indesej\u00e1veis mas tamb\u00e9m afetar as elei\u00e7\u00f5es presidenciais dos EUA, marcadas para 5 de novembro de 2024. A preocupa\u00e7\u00e3o era que uma escalada poderia levar a uma crise energ\u00e9tica global, com consequ\u00eancias diretas na economia americana e, por extens\u00e3o, na pol\u00edtica interna.\n<\/p>\n<p>A abordagem de Israel, sob a influ\u00eancia dos EUA, demonstra uma estrat\u00e9gia de conten\u00e7\u00e3o, evitando uma guerra total mas enviando uma mensagem clara de capacidade e vontade de responder. Esta t\u00e1tica pode ser vista como um equil\u00edbrio entre a necessidade de retalia\u00e7\u00e3o e a pol\u00edtica de evitar uma nova grande guerra no M\u00e9dio Oriente, que poderia ter implica\u00e7\u00f5es globais.\n<\/p>\n<p>Por J\u00fanior Melo              <\/p>\n<\/div>\n<p>                        <!-- Scripts para conteudo --><\/p>\n<p>            <!-- .\/Scripts para conteudo --><br \/>\n            <!-- .\/Mat\u00e9ria --><\/p>\n<div class=\"row mt-3\">\n<div class=\"col-sm-6\">\n                <!-- Whatsapp channel 3--><br \/>\n                <a href=\"https:\/\/chat.whatsapp.com\/J6hwSKYns5B0XFowx2wZ0P\" target=\"_blank\" rel=\"noopener\"><br \/>\n                  <img decoding=\"async\" src=\"https:\/\/diariodobrasilnoticias.com.br\/assets-site\/images\/bot_whatsapp.png\"\/><\/a>\n              <\/div>\n<div class=\"col-sm-6\">\n                <a href=\"https:\/\/t.me\/+_4gTmi5LKo03OTM5\" target=\"_blank\" rel=\"noopener\"><br \/>\n                  <img decoding=\"async\" src=\"https:\/\/diariodobrasilnoticias.com.br\/assets-site\/images\/bot_telegram.png\"\/><\/a>\n              <\/div>\n<\/p><\/div>\n<p>            <!-- end post-navigation --><\/p>\n<p>              <!-- end row --><\/p>\n<p>              <!-- end col-12-->\n                      <\/div>\n<p><br \/>\n<br \/><a href=\"https:\/\/diariodobrasilnoticias.com.br\/noticia\/israelenses-virao-ataques-contra-o-ira-como-decepcionantes-e-eua-mostra-sua-forca-em-frear-aliado-671cc5af45623\">Source link <\/a><\/p>","protected":false},"excerpt":{"rendered":"<p>Foto: SKY NEWS Em uma decis\u00e3o que marcou um novo cap\u00edtulo nas tens\u00f5es regionais, Israel lan\u00e7ou ataques contra alvos militares no Ir\u00e3 em retalia\u00e7\u00e3o aos ataques iranianos de 1 de&hellip;<\/p>","protected":false},"author":1,"featured_media":52118,"comment_status":"closed","ping_status":"open","sticky":false,"template":"","format":"standard","meta":{"content-type":"","footnotes":""},"categories":[16],"tags":[123,2448,5313,1267],"class_list":["post-52117","post","type-post","status-publish","format-standard","has-post-thumbnail","hentry","category-noticias","tag-brasil","tag-diario","tag-noticia","tag-noticias"],"_links":{"self":[{"href":"https:\/\/tvbrazilusa.com\/pt\/wp-json\/wp\/v2\/posts\/52117","targetHints":{"allow":["GET"]}}],"collection":[{"href":"https:\/\/tvbrazilusa.com\/pt\/wp-json\/wp\/v2\/posts"}],"about":[{"href":"https:\/\/tvbrazilusa.com\/pt\/wp-json\/wp\/v2\/types\/post"}],"author":[{"embeddable":true,"href":"https:\/\/tvbrazilusa.com\/pt\/wp-json\/wp\/v2\/users\/1"}],"replies":[{"embeddable":true,"href":"https:\/\/tvbrazilusa.com\/pt\/wp-json\/wp\/v2\/comments?post=52117"}],"version-history":[{"count":1,"href":"https:\/\/tvbrazilusa.com\/pt\/wp-json\/wp\/v2\/posts\/52117\/revisions"}],"predecessor-version":[{"id":52119,"href":"https:\/\/tvbrazilusa.com\/pt\/wp-json\/wp\/v2\/posts\/52117\/revisions\/52119"}],"wp:featuredmedia":[{"embeddable":true,"href":"https:\/\/tvbrazilusa.com\/pt\/wp-json\/wp\/v2\/media\/52118"}],"wp:attachment":[{"href":"https:\/\/tvbrazilusa.com\/pt\/wp-json\/wp\/v2\/media?parent=52117"}],"wp:term":[{"taxonomy":"category","embeddable":true,"href":"https:\/\/tvbrazilusa.com\/pt\/wp-json\/wp\/v2\/categories?post=52117"},{"taxonomy":"post_tag","embeddable":true,"href":"https:\/\/tvbrazilusa.com\/pt\/wp-json\/wp\/v2\/tags?post=52117"}],"curies":[{"name":"wp","href":"https:\/\/api.w.org\/{rel}","templated":true}]}}