{"id":52123,"date":"2024-10-26T12:02:03","date_gmt":"2024-10-26T12:02:03","guid":{"rendered":"https:\/\/tvbrazilusa.com\/2024\/10\/26\/mesmo-sem-ter-cargo-publico-na-epoca-pf-acusa-deputado-gustavo-gayer-de-desviar-verba-publica-da-vontade-de-rir\/"},"modified":"2024-10-26T12:02:04","modified_gmt":"2024-10-26T12:02:04","slug":"mesmo-sem-ter-cargo-publico-na-epoca-pf-acusa-deputado-gustavo-gayer-de-desviar-verba-publica-da-vontade-de-rir","status":"publish","type":"post","link":"https:\/\/tvbrazilusa.com\/pt\/2024\/10\/26\/mesmo-sem-ter-cargo-publico-na-epoca-pf-acusa-deputado-gustavo-gayer-de-desviar-verba-publica-da-vontade-de-rir\/","title":{"rendered":"Mesmo sem ter cargo p\u00fablico na \u00e9poca, PF acusa Deputado Gustavo Gayer de desviar verba p\u00fablica: \u201cda vontade de rir\u201d"},"content":{"rendered":"<p> <script async src=\"https:\/\/pagead2.googlesyndication.com\/pagead\/js\/adsbygoogle.js?client=ca-pub-8864793242727901\"\r\n     crossorigin=\"anonymous\"><\/script><br \/>\n<\/p>\n<div id=\"taboola-read-more\" style=\"display:block; width:100%\">\n<p>O deputado federal <a href=\"https:\/\/www.metropoles.com\/brasil\/saiba-quem-e-gustavo-gayer-deputado-goiano-alvo-de-operacao-da-pf\" target=\"_blank\" rel=\"noopener noreferrer\">Gustavo Gayer (PL-GO)<\/a>negou, nesta sexta-feira (25\/10), que tenha utilizado dinheiro p\u00fablico para financiar os atos antidemocr\u00e1ticos de <a href=\"https:\/\/www.metropoles.com\/tag\/8-de-janeiro\" target=\"_blank\" rel=\"noopener noreferrer\">8 de janeiro de 2023.<\/a> Em v\u00eddeo divulgado em suas redes ap\u00f3s ser alvo de opera\u00e7\u00e3o da PF sob a suspeita de desvio de recursos de seu gabinete, ele afirmou que n\u00e3o era parlamentar na \u00e9poca das manifesta\u00e7\u00f5es. Ele tomou posse na C\u00e2mara dos Deputados em 1\u00ba de fevereiro daquele ano.<br \/>\u201cA mais escandalosa busca e apreens\u00e3o da hist\u00f3ria do Brasil\u201d, criticou o deputado sobre o cumprimento de mandados autorizados pelo Supremo Tribunal Federal em endere\u00e7os ligados a ele. \u201cEu nem era deputado no 8 de janeiro, nem antes. Eu passei a ser deputado em fevereiro. Um m\u00eas depois. Como que eu financiei o 8 de Janeiro com dinheiro p\u00fablico? Como se eu n\u00e3o era deputado, se eu n\u00e3o tinha acesso a dinheiro p\u00fablico? Pelo amor de tudo que \u00e9 mais sagrado, gente.\u201d<br \/>A <a href=\"https:\/\/www.metropoles.com\/tag\/policia-federal\" target=\"_blank\" rel=\"noopener noreferrer\">Pol\u00edcia Federal (PF)<\/a> realizou busca e apreens\u00e3o em endere\u00e7os ligados ao deputado federal por suspeita de desvio de recursos p\u00fablicos de cota parlamentar e falsifica\u00e7\u00e3o de documentos. A opera\u00e7\u00e3o foi autorizada pelo ministro Alexandre de Moraes, do STF.<\/p>\n<p>A corpora\u00e7\u00e3o cumpriu mandados em Bras\u00edlia (DF) e em Cidade Ocidental, Valpara\u00edso, Aparecida de Goi\u00e2nia e Goi\u00e2nia, todas em Goi\u00e1s. A corpora\u00e7\u00e3o investiga o desvio de cota parlamentar e falsifica\u00e7\u00e3o de documentos para cria\u00e7\u00e3o de Organiza\u00e7\u00e3o de Sociedade Civil de Interesse P\u00fablico (Oscip).<\/p>\n<p>\u201cEu tive que checar para ver se isso era verdade. \u2018Isso aqui \u00e9 meme, n\u00e3o \u00e9 poss\u00edvel\u2019. N\u00e3o, \u00e9 isso mesmo galera. Alexandre de Moraes est\u00e1 falando que eu reembolsei os gastos do 8 de Janeiro. Tem cabimento um \u2018trem\u2019 desse? Desculpa, mas eu tenho que rir. Fico engra\u00e7ado agora\u201d, pontuou Gustavo Gayer.\n<\/p>\n<p>De acordo com a manifesta\u00e7\u00e3o da Procuradoria-Geral da Rep\u00fablica (PGR) sobre a investiga\u00e7\u00e3o, um dos financiadores dos atos de 8\/1, o empres\u00e1rio Jo\u00e3o Paulo de Sousa Cavalcante, que foi preso e teve a quebra do sigilo telem\u00e1tico autorizada, apresentava-se como amigo de Gayer, noticiou o <strong>Metr\u00f3poles<\/strong> <a href=\"https:\/\/www.metropoles.com\/colunas\/guilherme-amado\/investigacao-contra-gayer-e-desdobramento-do-8-de-janeiro\" target=\"_blank\" rel=\"noopener noreferrer\">na coluna de Guilherme Amado<\/a>.\n<\/p>\n<p>Cavalcante \u00e9 dono de uma empresa chamada Goi\u00e1s Online, que foi contratada para prestar servi\u00e7os para gabinete de Gayer, aponta a PF.\n<\/p>\n<p>\u00a0<\/p>\n<p>Gayer tamb\u00e9m \u00e9 suspeito de ter desviado verbas parlamentares para <a href=\"https:\/\/www.metropoles.com\/colunas\/guilherme-amado\/gayer-usava-cota-da-camara-para-pagar-aluguel-de-sua-escola-de-ingles\" target=\"_blank\" rel=\"noopener noreferrer\">pagar o aluguel da sala onde funciona uma escola de ingl\u00eas em seu nome<\/a> e de fazer repasses para uma loja de roupas registrada no nome de um filho dele, a <a href=\"https:\/\/www.metropoles.com\/colunas\/tacio-lorran\/desfazueli-gustavo-gayer-desviou-dinheiro-para-loja-do-filho\" target=\"_blank\" rel=\"noopener noreferrer\">Desfazueli<\/a>.<\/p>\n<p>Metr\u00f3poles\u00a0              <\/p>\n<\/div>\n<p><br \/>\n<br \/><a href=\"https:\/\/diariodobrasilnoticias.com.br\/noticia\/mesmo-sem-ter-cargo-publico-na-epoca-pf-acusa-deputado-gustavo-gayer-de-desviar-verba-publica-da-vontade-de-rir-671cd7e68333c\">Source link <\/a><\/p>","protected":false},"excerpt":{"rendered":"<p>O deputado federal Gustavo Gayer (PL-GO)negou, nesta sexta-feira (25\/10), que tenha utilizado dinheiro p\u00fablico para financiar os atos antidemocr\u00e1ticos de 8 de janeiro de 2023. Em v\u00eddeo divulgado em suas&hellip;<\/p>","protected":false},"author":1,"featured_media":52124,"comment_status":"closed","ping_status":"open","sticky":false,"template":"","format":"standard","meta":{"content-type":"","footnotes":""},"categories":[16],"tags":[123,2448,5313,1267],"class_list":["post-52123","post","type-post","status-publish","format-standard","has-post-thumbnail","hentry","category-noticias","tag-brasil","tag-diario","tag-noticia","tag-noticias"],"_links":{"self":[{"href":"https:\/\/tvbrazilusa.com\/pt\/wp-json\/wp\/v2\/posts\/52123","targetHints":{"allow":["GET"]}}],"collection":[{"href":"https:\/\/tvbrazilusa.com\/pt\/wp-json\/wp\/v2\/posts"}],"about":[{"href":"https:\/\/tvbrazilusa.com\/pt\/wp-json\/wp\/v2\/types\/post"}],"author":[{"embeddable":true,"href":"https:\/\/tvbrazilusa.com\/pt\/wp-json\/wp\/v2\/users\/1"}],"replies":[{"embeddable":true,"href":"https:\/\/tvbrazilusa.com\/pt\/wp-json\/wp\/v2\/comments?post=52123"}],"version-history":[{"count":1,"href":"https:\/\/tvbrazilusa.com\/pt\/wp-json\/wp\/v2\/posts\/52123\/revisions"}],"predecessor-version":[{"id":52125,"href":"https:\/\/tvbrazilusa.com\/pt\/wp-json\/wp\/v2\/posts\/52123\/revisions\/52125"}],"wp:featuredmedia":[{"embeddable":true,"href":"https:\/\/tvbrazilusa.com\/pt\/wp-json\/wp\/v2\/media\/52124"}],"wp:attachment":[{"href":"https:\/\/tvbrazilusa.com\/pt\/wp-json\/wp\/v2\/media?parent=52123"}],"wp:term":[{"taxonomy":"category","embeddable":true,"href":"https:\/\/tvbrazilusa.com\/pt\/wp-json\/wp\/v2\/categories?post=52123"},{"taxonomy":"post_tag","embeddable":true,"href":"https:\/\/tvbrazilusa.com\/pt\/wp-json\/wp\/v2\/tags?post=52123"}],"curies":[{"name":"wp","href":"https:\/\/api.w.org\/{rel}","templated":true}]}}