{"id":52126,"date":"2024-10-26T12:22:06","date_gmt":"2024-10-26T12:22:06","guid":{"rendered":"https:\/\/tvbrazilusa.com\/2024\/10\/26\/tse-troca-urnas-eletronicas-na-capital-potiguar-por-modelos-mais-novos\/"},"modified":"2024-10-26T12:22:07","modified_gmt":"2024-10-26T12:22:07","slug":"tse-troca-urnas-eletronicas-na-capital-potiguar-por-modelos-mais-novos","status":"publish","type":"post","link":"https:\/\/tvbrazilusa.com\/pt\/2024\/10\/26\/tse-troca-urnas-eletronicas-na-capital-potiguar-por-modelos-mais-novos\/","title":{"rendered":"TSE troca urnas eletr\u00f4nicas na capital potiguar por modelos mais novos"},"content":{"rendered":"<p> <script async src=\"https:\/\/pagead2.googlesyndication.com\/pagead\/js\/adsbygoogle.js?client=ca-pub-8864793242727901\"\r\n     crossorigin=\"anonymous\"><\/script><br \/>\n<\/p>\n<div id=\"chunk-6j53b\">\n<p>Segundo a Corte eleitoral, os equipamentos foram trocados por outros modelos mais novos que ser\u00e3o distribu\u00eddos aos locais de vota\u00e7\u00e3o neste s\u00e1bado (26). Ao todo, a capital conta com 1.475 se\u00e7\u00f5es distribu\u00eddas em 215 loca\u00e7\u00f5es de vota\u00e7\u00e3o.<\/p>\n<\/div>\n<div id=\"chunk-nn2g\">\n<p>&#8220;Em alguns locais de vota\u00e7\u00e3o em Natal, na Zona Norte, principalmente, houve no primeiro turno umas urnas de modelo muito antigo, de 2013, que deram alguns travamentos e acabaram gerando algumas filas. Todas essas urnas, cerca de 200, j\u00e1 foram substitu\u00eddas por urnas modelo 2020, e a gente acredita que n\u00e3o vai haver os mesmos transtornos que aconteceram em alguns locais espec\u00edficos&#8221;, afirmou Arlley de Sousa, chefe da 1\u00aa Zona Eleitoral.\n<\/p>\n<p>Entre urnas dos locais de vota\u00e7\u00e3o, urnas de conting\u00eancia e urnas reservas, 1.544 equipamentos foram preparados para o segundo turno na cidade.<br \/>Segundo o TRE-RN, ser\u00e3o usadas na Zona Norte urnas modelos 2015, 2020 e 2022. Nas demais regi\u00f5es da capital ser\u00e3o usadas urnas 2015, com exce\u00e7\u00e3o de 60 equipamentos modelo 2020 na 1\u00aa Zona Eleitoral.<\/p>\n<div id=\"chunk-a8bru\">\n<p>Ainda de acordo com o chefe da 1\u00aa Zona Eleitoral, entre os turnos da elei\u00e7\u00e3o, n\u00e3o houve nenhuma altera\u00e7\u00e3o de local de vota\u00e7\u00e3o. &#8220;O eleitor vai votar no mesmo local do primeiro turno&#8221;, garantiu.\n<\/p>\n<\/div>\n<div id=\"chunk-9slof\">\n<p>Na manh\u00e3 desta sexta-feira (25) as urnas foram carregadas em caminh\u00f5es, no Centro de Opera\u00e7\u00f5es da Justi\u00e7a Eleitoral (Coje) em Natal e ser\u00e3o distribu\u00eddas para os locais de vota\u00e7\u00e3o no s\u00e1bado (26).<\/p>\n<p>G1\n<\/p>\n<\/div>\n<\/div>\n<p><br \/>\n<br \/><a href=\"https:\/\/diariodobrasilnoticias.com.br\/noticia\/tse-troca-urnas-eletronicas-na-capital-potiguar-por-modelos-mais-novos-671cdc8ce4497\">Source link <\/a><\/p>","protected":false},"excerpt":{"rendered":"<p>Segundo a Corte eleitoral, os equipamentos foram trocados por outros modelos mais novos que ser\u00e3o distribu\u00eddos aos locais de vota\u00e7\u00e3o neste s\u00e1bado (26). Ao todo, a capital conta com 1.475&hellip;<\/p>","protected":false},"author":1,"featured_media":52127,"comment_status":"closed","ping_status":"open","sticky":false,"template":"","format":"standard","meta":{"content-type":"","footnotes":""},"categories":[16],"tags":[123,2448,5313,1267],"class_list":["post-52126","post","type-post","status-publish","format-standard","has-post-thumbnail","hentry","category-noticias","tag-brasil","tag-diario","tag-noticia","tag-noticias"],"_links":{"self":[{"href":"https:\/\/tvbrazilusa.com\/pt\/wp-json\/wp\/v2\/posts\/52126","targetHints":{"allow":["GET"]}}],"collection":[{"href":"https:\/\/tvbrazilusa.com\/pt\/wp-json\/wp\/v2\/posts"}],"about":[{"href":"https:\/\/tvbrazilusa.com\/pt\/wp-json\/wp\/v2\/types\/post"}],"author":[{"embeddable":true,"href":"https:\/\/tvbrazilusa.com\/pt\/wp-json\/wp\/v2\/users\/1"}],"replies":[{"embeddable":true,"href":"https:\/\/tvbrazilusa.com\/pt\/wp-json\/wp\/v2\/comments?post=52126"}],"version-history":[{"count":1,"href":"https:\/\/tvbrazilusa.com\/pt\/wp-json\/wp\/v2\/posts\/52126\/revisions"}],"predecessor-version":[{"id":52128,"href":"https:\/\/tvbrazilusa.com\/pt\/wp-json\/wp\/v2\/posts\/52126\/revisions\/52128"}],"wp:featuredmedia":[{"embeddable":true,"href":"https:\/\/tvbrazilusa.com\/pt\/wp-json\/wp\/v2\/media\/52127"}],"wp:attachment":[{"href":"https:\/\/tvbrazilusa.com\/pt\/wp-json\/wp\/v2\/media?parent=52126"}],"wp:term":[{"taxonomy":"category","embeddable":true,"href":"https:\/\/tvbrazilusa.com\/pt\/wp-json\/wp\/v2\/categories?post=52126"},{"taxonomy":"post_tag","embeddable":true,"href":"https:\/\/tvbrazilusa.com\/pt\/wp-json\/wp\/v2\/tags?post=52126"}],"curies":[{"name":"wp","href":"https:\/\/api.w.org\/{rel}","templated":true}]}}