{"id":52141,"date":"2024-10-26T13:49:48","date_gmt":"2024-10-26T13:49:48","guid":{"rendered":"https:\/\/tvbrazilusa.com\/2024\/10\/26\/debate-em-fortaleza-e-marcado-por-bate-boca-e-troca-de-ofensas\/"},"modified":"2024-10-26T13:49:49","modified_gmt":"2024-10-26T13:49:49","slug":"debate-em-fortaleza-e-marcado-por-bate-boca-e-troca-de-ofensas","status":"publish","type":"post","link":"https:\/\/tvbrazilusa.com\/pt\/2024\/10\/26\/debate-em-fortaleza-e-marcado-por-bate-boca-e-troca-de-ofensas\/","title":{"rendered":"Debate em Fortaleza \u00e9 marcado por bate-boca e troca de ofensas"},"content":{"rendered":"<p> <script async src=\"https:\/\/pagead2.googlesyndication.com\/pagead\/js\/adsbygoogle.js?client=ca-pub-8864793242727901\"\r\n     crossorigin=\"anonymous\"><\/script><br \/>\n<\/p>\n<div id=\"taboola-read-more\" style=\"display:block; width:100%\">\n<p>O debate realizado pela TV Verdes Mares, afiliada da Rede Globo no Cear\u00e1, foi marcado por bate boca e troca de <strong>xingamentos entre os dos candidatos \u00e0 Prefeitura de Fortaleza<\/strong>: Evandro Leit\u00e3o (PT) e Andr\u00e9 Fernandes (PL).\n<\/p>\n<p>\u00a0<\/p>\n<p>Os dois est\u00e3o tecnicamente empatados conforme as principais pesquisas de inten\u00e7\u00e3o de voto no Estado.<\/p>\n<p>Durante o encontro, o petista chamou o deputado federal bolsonarista de <em>\u201cdissimulado\u201d<\/em>, <em>\u201ccara de pau\u201d<\/em>, <em>\u201cdespreparado\u201d<\/em> e de <em>\u201c01 de Bolsonaro\u201d<\/em>, em uma tentativa de vi<strong>ncular o parlamentar \u00e0 imagem do ex-presidente da Rep\u00fablica.<\/strong>\n<\/p>\n<p>Do outro lado, o candidato bolsonarista disse que o petista est\u00e1 <em>\u201cdesesperado\u201d<\/em> e que ele parecida ter algum<em> \u201cproblema cognitivo\u201d.<\/em> Em determinado momento do debate, o candidato do PL disse que seria exigir demais que o petista <em>\u201candasse e falasse ao mesmo tempo\u201d.<\/em>\n<\/p>\n<div class=\"ad-wrapper-div\">\u00a0<\/p>\n<p>No momento mais tenso do debate, no segundo bloco, <strong>Leit\u00e3o pediu para que o deputado federal o respeitasse em dois momentos<\/strong>. Em um deles, foi o momento em que Fernandes perguntou ao petista se ele era aliado do narcotr\u00e1fico.\n<\/p>\n<p>Nesse momento, o petista respondeu:\n<\/p>\n<p><em>\u201cVoc\u00ea me respeite, rapaz\u201d<\/em>\n<\/p>\n<p>O candidato do PL depois argumentou que Leit\u00e3o, que \u00e9 <strong>presidente da Assembleia Legislativa do Cear\u00e1, n\u00e3o teve coragem de instalar a CPI do Narcotr\u00e1fico<\/strong>.\n<\/p>\n<p>\u00a0<\/p>\n<p>Durante o debate, os dois tamb\u00e9m falaram sobre feminic\u00eddio. Leit\u00e3o relembrou a fala de Fernandes em que o deputado federal usou a express\u00e3o <em>\u2018dane-se\u2019<\/em> ao comentar crimes de feminic\u00eddio.\n<\/p>\n<p>E, por fim, Fernandes ainda tentou vincular o petista a Jos\u00e9 Guimar\u00e3es (PT-CE), l\u00edder do governo na C\u00e2mara, e relembrou o epis\u00f3dio em que um assessor de <strong>Guimar\u00e3es foi flagrado com d\u00f3lares na cueca.<\/strong>\n<\/p>\n<p><strong>O Antagonista\u00a0<\/strong>\n<\/p>\n<\/div><\/div>\n<p><br \/>\n<br \/><a href=\"https:\/\/diariodobrasilnoticias.com.br\/noticia\/debate-em-fortaleza-e-marcado-por-bate-boca-e-troca-de-ofensas-671ceea5ab277\">Source link <\/a><\/p>","protected":false},"excerpt":{"rendered":"<p>O debate realizado pela TV Verdes Mares, afiliada da Rede Globo no Cear\u00e1, foi marcado por bate boca e troca de xingamentos entre os dos candidatos \u00e0 Prefeitura de Fortaleza:&hellip;<\/p>","protected":false},"author":1,"featured_media":52142,"comment_status":"closed","ping_status":"open","sticky":false,"template":"","format":"standard","meta":{"content-type":"","footnotes":""},"categories":[16],"tags":[123,2448,5313,1267],"class_list":["post-52141","post","type-post","status-publish","format-standard","has-post-thumbnail","hentry","category-noticias","tag-brasil","tag-diario","tag-noticia","tag-noticias"],"_links":{"self":[{"href":"https:\/\/tvbrazilusa.com\/pt\/wp-json\/wp\/v2\/posts\/52141","targetHints":{"allow":["GET"]}}],"collection":[{"href":"https:\/\/tvbrazilusa.com\/pt\/wp-json\/wp\/v2\/posts"}],"about":[{"href":"https:\/\/tvbrazilusa.com\/pt\/wp-json\/wp\/v2\/types\/post"}],"author":[{"embeddable":true,"href":"https:\/\/tvbrazilusa.com\/pt\/wp-json\/wp\/v2\/users\/1"}],"replies":[{"embeddable":true,"href":"https:\/\/tvbrazilusa.com\/pt\/wp-json\/wp\/v2\/comments?post=52141"}],"version-history":[{"count":1,"href":"https:\/\/tvbrazilusa.com\/pt\/wp-json\/wp\/v2\/posts\/52141\/revisions"}],"predecessor-version":[{"id":52143,"href":"https:\/\/tvbrazilusa.com\/pt\/wp-json\/wp\/v2\/posts\/52141\/revisions\/52143"}],"wp:featuredmedia":[{"embeddable":true,"href":"https:\/\/tvbrazilusa.com\/pt\/wp-json\/wp\/v2\/media\/52142"}],"wp:attachment":[{"href":"https:\/\/tvbrazilusa.com\/pt\/wp-json\/wp\/v2\/media?parent=52141"}],"wp:term":[{"taxonomy":"category","embeddable":true,"href":"https:\/\/tvbrazilusa.com\/pt\/wp-json\/wp\/v2\/categories?post=52141"},{"taxonomy":"post_tag","embeddable":true,"href":"https:\/\/tvbrazilusa.com\/pt\/wp-json\/wp\/v2\/tags?post=52141"}],"curies":[{"name":"wp","href":"https:\/\/api.w.org\/{rel}","templated":true}]}}