{"id":52150,"date":"2024-10-26T14:45:18","date_gmt":"2024-10-26T14:45:18","guid":{"rendered":"https:\/\/tvbrazilusa.com\/2024\/10\/26\/empresario-de-42-anos-falece-durante-exame-de-ressonancia-magnetica\/"},"modified":"2024-10-26T14:45:19","modified_gmt":"2024-10-26T14:45:19","slug":"empresario-de-42-anos-falece-durante-exame-de-ressonancia-magnetica","status":"publish","type":"post","link":"https:\/\/tvbrazilusa.com\/pt\/2024\/10\/26\/empresario-de-42-anos-falece-durante-exame-de-ressonancia-magnetica\/","title":{"rendered":"Empres\u00e1rio de 42 anos falece durante exame de resson\u00e2ncia magn\u00e9tica"},"content":{"rendered":"<p> <script async src=\"https:\/\/pagead2.googlesyndication.com\/pagead\/js\/adsbygoogle.js?client=ca-pub-8864793242727901\"\r\n     crossorigin=\"anonymous\"><\/script><br \/>\n<\/p>\n<div id=\"taboola-read-more\" style=\"display:block; width:100%\">\n<p>Em Santos (SP), um empres\u00e1rio de 42 anos de idade morreu durante um exame de resson\u00e2ncia magn\u00e9tica na cabe\u00e7a. O exame foi feito na cl\u00ednica Mult Imagem, na \u00faltima ter\u00e7a-feira (22).\n<\/p>\n<p>O homem se chamava F\u00e1bio Mocci Rodrigues Jardim. A vi\u00fava, Sabrina Altenburg Penna, aguarda o resultado da necr\u00f3psia feita pelo Instituto M\u00e9dico Legal (IML) para descobrir a causa da morte.<\/p>\n<p>Ao G1, que exp\u00f4s o caso neste s\u00e1bado (26), Sabrina relatou que uma m\u00e9dica da unidade disse que F\u00e1bio sofreu um infarto fulminante. De acordo com ela, um laudo do Servi\u00e7o de Verifica\u00e7\u00e3o de \u00d3bito (SVO) de Santos considerou \u201cmorte suspeita\u201d, solicitando a conclus\u00e3o do IML.\n<\/p>\n<p><strong>\u2013 Entrei com meu marido, sa\u00ed com um papel na m\u00e3o. Isso tudo me deixa angustiada e nervosa \u2013 falou a vi\u00fava.<\/strong>\n<\/p>\n<p>Fonte: Pleno News              <\/p>\n<\/div>\n<p><br \/>\n<br \/><a href=\"https:\/\/diariodobrasilnoticias.com.br\/noticia\/empresario-de-42-anos-falece-durante-exame-de-ressonancia-magnetica-671cfe6f0158d\">Source link <\/a><\/p>","protected":false},"excerpt":{"rendered":"<p>Em Santos (SP), um empres\u00e1rio de 42 anos de idade morreu durante um exame de resson\u00e2ncia magn\u00e9tica na cabe\u00e7a. O exame foi feito na cl\u00ednica Mult Imagem, na \u00faltima ter\u00e7a-feira&hellip;<\/p>","protected":false},"author":1,"featured_media":52151,"comment_status":"closed","ping_status":"open","sticky":false,"template":"","format":"standard","meta":{"content-type":"","footnotes":""},"categories":[16],"tags":[123,2448,5313,1267],"class_list":["post-52150","post","type-post","status-publish","format-standard","has-post-thumbnail","hentry","category-noticias","tag-brasil","tag-diario","tag-noticia","tag-noticias"],"_links":{"self":[{"href":"https:\/\/tvbrazilusa.com\/pt\/wp-json\/wp\/v2\/posts\/52150","targetHints":{"allow":["GET"]}}],"collection":[{"href":"https:\/\/tvbrazilusa.com\/pt\/wp-json\/wp\/v2\/posts"}],"about":[{"href":"https:\/\/tvbrazilusa.com\/pt\/wp-json\/wp\/v2\/types\/post"}],"author":[{"embeddable":true,"href":"https:\/\/tvbrazilusa.com\/pt\/wp-json\/wp\/v2\/users\/1"}],"replies":[{"embeddable":true,"href":"https:\/\/tvbrazilusa.com\/pt\/wp-json\/wp\/v2\/comments?post=52150"}],"version-history":[{"count":1,"href":"https:\/\/tvbrazilusa.com\/pt\/wp-json\/wp\/v2\/posts\/52150\/revisions"}],"predecessor-version":[{"id":52152,"href":"https:\/\/tvbrazilusa.com\/pt\/wp-json\/wp\/v2\/posts\/52150\/revisions\/52152"}],"wp:featuredmedia":[{"embeddable":true,"href":"https:\/\/tvbrazilusa.com\/pt\/wp-json\/wp\/v2\/media\/52151"}],"wp:attachment":[{"href":"https:\/\/tvbrazilusa.com\/pt\/wp-json\/wp\/v2\/media?parent=52150"}],"wp:term":[{"taxonomy":"category","embeddable":true,"href":"https:\/\/tvbrazilusa.com\/pt\/wp-json\/wp\/v2\/categories?post=52150"},{"taxonomy":"post_tag","embeddable":true,"href":"https:\/\/tvbrazilusa.com\/pt\/wp-json\/wp\/v2\/tags?post=52150"}],"curies":[{"name":"wp","href":"https:\/\/api.w.org\/{rel}","templated":true}]}}