{"id":52156,"date":"2024-10-26T15:15:27","date_gmt":"2024-10-26T15:15:27","guid":{"rendered":"https:\/\/tvbrazilusa.com\/2024\/10\/26\/homem-sai-de-beco-gritando-por-socorro-e-leva-cinco-tiros\/"},"modified":"2024-10-26T15:15:29","modified_gmt":"2024-10-26T15:15:29","slug":"homem-sai-de-beco-gritando-por-socorro-e-leva-cinco-tiros","status":"publish","type":"post","link":"https:\/\/tvbrazilusa.com\/pt\/2024\/10\/26\/homem-sai-de-beco-gritando-por-socorro-e-leva-cinco-tiros\/","title":{"rendered":"Homem sai de beco gritando por socorro e leva cinco tiros"},"content":{"rendered":"<p> <script async src=\"https:\/\/pagead2.googlesyndication.com\/pagead\/js\/adsbygoogle.js?client=ca-pub-8864793242727901\"\r\n     crossorigin=\"anonymous\"><\/script><br \/>\n<\/p>\n<div>\n<figure class=\"post-image\">\n<\/figure>\n<p>            <span style=\"font-size: 12px\">PMMG<\/span><\/p>\n<p>            <!-- end metas --><br \/>\n            <!-- ADS --><\/p>\n<div id=\"taboola-read-more\" style=\"display:block; width:100%\">\n<p>As pol\u00edcias Civil e Militar ainda n\u00e3o t\u00eam pistas sobre o autor do assassinato de um homem de 22 anos, sem resid\u00eancia fixa, ocorrido na noite de sexta-feira (24\/10) na Rua Luzia Mendes, Bairro Parque Elizabeth, em Ibirit\u00e9, na Regi\u00e3o Metropolitana de Belo Horizonte.\n<\/p>\n<p>O crime aconteceu por volta das 22h. Moradores relataram ter ouvido gritos da v\u00edtima ao sair de um beco. \u201cEle gritava por socorro\u201d, afirmou uma testemunha.<\/p>\n<p>Segundo as primeiras investiga\u00e7\u00f5es, o homem n\u00e3o tinha resid\u00eancia fixa no local, mas perambulava pelo Parque Elizabeth e dormia, a cada dia, em um lugar diferente.\n<\/p>\n<p>Segundo a per\u00edcia da Pol\u00edcia Civil, ele foi morto com cinco tiros: um no bra\u00e7o direito, um no bra\u00e7o esquerdo, um no olho direito, um nas costas e outro nas n\u00e1degas. O corpo foi encaminhado ao Instituto M\u00e9dico Legal (IML).\n<\/p>\n<p>Uma das hip\u00f3teses levantadas pelos policiais para a motiva\u00e7\u00e3o do crime \u00e9 o poss\u00edvel envolvimento da v\u00edtima com o tr\u00e1fico de drogas.\n<\/p>\n<p>Fonte: Estado de Minas              <\/p>\n<\/div>\n<p>                        <!-- Scripts para conteudo --><\/p>\n<p>            <!-- .\/Scripts para conteudo --><br \/>\n            <!-- .\/Mat\u00e9ria --><\/p>\n<div class=\"row mt-3\">\n<div class=\"col-sm-6\">\n                <!-- Whatsapp channel 3--><br \/>\n                <a href=\"https:\/\/chat.whatsapp.com\/J6hwSKYns5B0XFowx2wZ0P\" target=\"_blank\" rel=\"noopener\"><br \/>\n                  <img decoding=\"async\" src=\"https:\/\/diariodobrasilnoticias.com.br\/assets-site\/images\/bot_whatsapp.png\"\/><\/a>\n              <\/div>\n<div class=\"col-sm-6\">\n                <a href=\"https:\/\/t.me\/+_4gTmi5LKo03OTM5\" target=\"_blank\" rel=\"noopener\"><br \/>\n                  <img decoding=\"async\" src=\"https:\/\/diariodobrasilnoticias.com.br\/assets-site\/images\/bot_telegram.png\"\/><\/a>\n              <\/div>\n<\/p><\/div>\n<p>            <!-- end post-navigation --><\/p>\n<p>              <!-- end row --><\/p>\n<p>              <!-- end col-12-->\n                      <\/div>\n<p><br \/>\n<br \/><a href=\"https:\/\/diariodobrasilnoticias.com.br\/noticia\/homem-sai-de-beco-gritando-por-socorro-e-leva-cinco-tiros-671cfb8f9108b\">Source link <\/a><\/p>","protected":false},"excerpt":{"rendered":"<p>PMMG As pol\u00edcias Civil e Militar ainda n\u00e3o t\u00eam pistas sobre o autor do assassinato de um homem de 22 anos, sem resid\u00eancia fixa, ocorrido na noite de sexta-feira (24\/10)&hellip;<\/p>","protected":false},"author":1,"featured_media":52157,"comment_status":"closed","ping_status":"open","sticky":false,"template":"","format":"standard","meta":{"content-type":"","footnotes":""},"categories":[16],"tags":[123,2448,5313,1267],"class_list":["post-52156","post","type-post","status-publish","format-standard","has-post-thumbnail","hentry","category-noticias","tag-brasil","tag-diario","tag-noticia","tag-noticias"],"_links":{"self":[{"href":"https:\/\/tvbrazilusa.com\/pt\/wp-json\/wp\/v2\/posts\/52156","targetHints":{"allow":["GET"]}}],"collection":[{"href":"https:\/\/tvbrazilusa.com\/pt\/wp-json\/wp\/v2\/posts"}],"about":[{"href":"https:\/\/tvbrazilusa.com\/pt\/wp-json\/wp\/v2\/types\/post"}],"author":[{"embeddable":true,"href":"https:\/\/tvbrazilusa.com\/pt\/wp-json\/wp\/v2\/users\/1"}],"replies":[{"embeddable":true,"href":"https:\/\/tvbrazilusa.com\/pt\/wp-json\/wp\/v2\/comments?post=52156"}],"version-history":[{"count":1,"href":"https:\/\/tvbrazilusa.com\/pt\/wp-json\/wp\/v2\/posts\/52156\/revisions"}],"predecessor-version":[{"id":52158,"href":"https:\/\/tvbrazilusa.com\/pt\/wp-json\/wp\/v2\/posts\/52156\/revisions\/52158"}],"wp:featuredmedia":[{"embeddable":true,"href":"https:\/\/tvbrazilusa.com\/pt\/wp-json\/wp\/v2\/media\/52157"}],"wp:attachment":[{"href":"https:\/\/tvbrazilusa.com\/pt\/wp-json\/wp\/v2\/media?parent=52156"}],"wp:term":[{"taxonomy":"category","embeddable":true,"href":"https:\/\/tvbrazilusa.com\/pt\/wp-json\/wp\/v2\/categories?post=52156"},{"taxonomy":"post_tag","embeddable":true,"href":"https:\/\/tvbrazilusa.com\/pt\/wp-json\/wp\/v2\/tags?post=52156"}],"curies":[{"name":"wp","href":"https:\/\/api.w.org\/{rel}","templated":true}]}}