{"id":52185,"date":"2024-10-26T17:33:43","date_gmt":"2024-10-26T17:33:43","guid":{"rendered":"https:\/\/tvbrazilusa.com\/2024\/10\/26\/procurador-geral-da-venezuela-pede-investigacao-sobre-queda-de-lula-e-diz-que-presidente-manipulou-corte-na-cabeca\/"},"modified":"2024-10-26T17:33:44","modified_gmt":"2024-10-26T17:33:44","slug":"procurador-geral-da-venezuela-pede-investigacao-sobre-queda-de-lula-e-diz-que-presidente-manipulou-corte-na-cabeca","status":"publish","type":"post","link":"https:\/\/tvbrazilusa.com\/pt\/2024\/10\/26\/procurador-geral-da-venezuela-pede-investigacao-sobre-queda-de-lula-e-diz-que-presidente-manipulou-corte-na-cabeca\/","title":{"rendered":"Procurador-geral da Venezuela pede investiga\u00e7\u00e3o sobre queda de Lula e diz que presidente \u2018manipulou\u2019 corte na cabe\u00e7a"},"content":{"rendered":"<p> <script async src=\"https:\/\/pagead2.googlesyndication.com\/pagead\/js\/adsbygoogle.js?client=ca-pub-8864793242727901\"\r\n     crossorigin=\"anonymous\"><\/script><br \/>\n<\/p>\n<div id=\"taboola-read-more\" style=\"display:block; width:100%\">\n<p>O procurador-geral do Minist\u00e9rio P\u00fablico da Venezuela, Tarek William Saab, afirmou neste s\u00e1bado (26) que o presidente Luiz In\u00e1cio Lula da Silva \u201cmanipulou\u201d o corte na cabe\u00e7a que sofreu antes da c\u00fapula dos Brics para vetar a entrada do governo de Nicol\u00e1s Maduro, e disse que o l\u00edder brasileiro deve ser investigado.\n<\/p>\n<p>\u201cFontes diretas e pr\u00f3ximas do Brasil me informam que o presidente Lula da Silva manipulou um suposto acidente para us\u00e1-lo de coartada com o fim de n\u00e3o participar da recente C\u00fapula dos Brics\u201d, escreveu o procurador-geral, em um texto assinado por ele, no perfil do Minist\u00e9rio P\u00fablico em redes sociais.<\/p>\n<p>Saab afirmou que a \u201cvers\u00e3o\u201d do\u00a0acidente que o impediu de viajar\u00a0\u201cn\u00e3o foi nada al\u00e9m de um engano para perpetrar o veto contra a Venezuela, eludindo sua responsabilidade com o presidente [Vladimir] Putin, os demais presidentes presentes e, em particular, o presidente Nicol\u00e1s Maduro Moros\u201d.\n<\/p>\n<p>\u201cFontes diretas e pr\u00f3ximas do Brasil me informam que o presidente Lula da Silva manipulou um suposto acidente para us\u00e1-lo de coartada com o fim de n\u00e3o participar da recente C\u00fapula dos Brics\u201d, escreveu o procurador-geral, em um texto assinado por ele, no perfil do Minist\u00e9rio P\u00fablico em redes sociais.\n<\/p>\n<p>Saab afirmou que a \u201cvers\u00e3o\u201d do\u00a0acidente que o impediu de viajar\u00a0\u201cn\u00e3o foi nada al\u00e9m de um engano para perpetrar o veto contra a Venezuela, eludindo sua responsabilidade com o presidente [Vladimir] Putin, os demais presidentes presentes e, em particular, o presidente Nicol\u00e1s Maduro Moros\u201d.\n<\/p>\n<p>Mas para Saab, Lula \u201creaparecer sorridente e ileso, deixa em evid\u00eancia que utilizou o tal \u2018acidente\u2019 para mentir para o Brasil, para os Brics e para o mundo inteiro, fato pelo qual deveria ser investigado.\u201d\n<\/p>\n<p>\u201cO que circulou com muita for\u00e7a como rumor, lamentavelmente parece ser corroborado com um v\u00eddeo difundido ontem, onde o presidente Lula \u00e9 visto saud\u00e1vel, em uso de suas faculdades e atuando com total cinismo\u201d, escreveu Saab.\n<\/p>\n<p>O procurador-geral disse ainda que existe um \u201cgrande mal-estar na esquerda latino-americana\u201d pelo que qualificou como uma \u201cindigna e nefasta atua\u00e7\u00e3o\u201d do governo brasileiro ao \u201cvetar e agredir covardemente a Venezuela\u201d. Saab acusou Lula de seguir \u201cde maneira obediente \u00e0s instru\u00e7\u00f5es dos inimigos hist\u00f3ricos\u201d do povo venezuelano.\n<\/p>\n<p>Recentemente, Saab gerou pol\u00eamica ao afirmar que Lula se tornou um porta-voz da \u201cesquerda cooptada pela CIA\u201d. Ele e o governo venezuelano emitiram, posteriormente, comunicados esclarecendo que essa posi\u00e7\u00e3o \u00e9 somente do procurador-geral e n\u00e3o representa a opini\u00e3o do governo Maduro.\n<\/p>\n<p><strong>CNN Brasil<\/strong>              <\/p>\n<\/div>\n<p><br \/>\n<br \/><a href=\"https:\/\/diariodobrasilnoticias.com.br\/noticia\/procurador-geral-da-venezuela-pede-investigacao-sobre-queda-de-lula-e-diz-que-presidente-manipulou-corte-na-cabeca-671d24a3aec41\">Source link <\/a><\/p>","protected":false},"excerpt":{"rendered":"<p>O procurador-geral do Minist\u00e9rio P\u00fablico da Venezuela, Tarek William Saab, afirmou neste s\u00e1bado (26) que o presidente Luiz In\u00e1cio Lula da Silva \u201cmanipulou\u201d o corte na cabe\u00e7a que sofreu antes&hellip;<\/p>","protected":false},"author":1,"featured_media":52186,"comment_status":"closed","ping_status":"open","sticky":false,"template":"","format":"standard","meta":{"content-type":"","footnotes":""},"categories":[16],"tags":[123,2448,5313,1267],"class_list":["post-52185","post","type-post","status-publish","format-standard","has-post-thumbnail","hentry","category-noticias","tag-brasil","tag-diario","tag-noticia","tag-noticias"],"_links":{"self":[{"href":"https:\/\/tvbrazilusa.com\/pt\/wp-json\/wp\/v2\/posts\/52185","targetHints":{"allow":["GET"]}}],"collection":[{"href":"https:\/\/tvbrazilusa.com\/pt\/wp-json\/wp\/v2\/posts"}],"about":[{"href":"https:\/\/tvbrazilusa.com\/pt\/wp-json\/wp\/v2\/types\/post"}],"author":[{"embeddable":true,"href":"https:\/\/tvbrazilusa.com\/pt\/wp-json\/wp\/v2\/users\/1"}],"replies":[{"embeddable":true,"href":"https:\/\/tvbrazilusa.com\/pt\/wp-json\/wp\/v2\/comments?post=52185"}],"version-history":[{"count":1,"href":"https:\/\/tvbrazilusa.com\/pt\/wp-json\/wp\/v2\/posts\/52185\/revisions"}],"predecessor-version":[{"id":52187,"href":"https:\/\/tvbrazilusa.com\/pt\/wp-json\/wp\/v2\/posts\/52185\/revisions\/52187"}],"wp:featuredmedia":[{"embeddable":true,"href":"https:\/\/tvbrazilusa.com\/pt\/wp-json\/wp\/v2\/media\/52186"}],"wp:attachment":[{"href":"https:\/\/tvbrazilusa.com\/pt\/wp-json\/wp\/v2\/media?parent=52185"}],"wp:term":[{"taxonomy":"category","embeddable":true,"href":"https:\/\/tvbrazilusa.com\/pt\/wp-json\/wp\/v2\/categories?post=52185"},{"taxonomy":"post_tag","embeddable":true,"href":"https:\/\/tvbrazilusa.com\/pt\/wp-json\/wp\/v2\/tags?post=52185"}],"curies":[{"name":"wp","href":"https:\/\/api.w.org\/{rel}","templated":true}]}}