{"id":52249,"date":"2024-10-27T00:05:01","date_gmt":"2024-10-27T00:05:01","guid":{"rendered":"https:\/\/tvbrazilusa.com\/2024\/10\/27\/procuradoria-geral-barra-busca-e-apreensao-no-gabinete-do-deputado-gustavo-gayer-acao-poderia-aumentar-a-tensao-entre-os-tres-poderes-veja-o-video\/"},"modified":"2024-10-27T00:05:03","modified_gmt":"2024-10-27T00:05:03","slug":"procuradoria-geral-barra-busca-e-apreensao-no-gabinete-do-deputado-gustavo-gayer-acao-poderia-aumentar-a-tensao-entre-os-tres-poderes-veja-o-video","status":"publish","type":"post","link":"https:\/\/tvbrazilusa.com\/pt\/2024\/10\/27\/procuradoria-geral-barra-busca-e-apreensao-no-gabinete-do-deputado-gustavo-gayer-acao-poderia-aumentar-a-tensao-entre-os-tres-poderes-veja-o-video\/","title":{"rendered":"Procuradoria-Geral barra busca e apreens\u00e3o no gabinete do deputado Gustavo Gayer; a\u00e7\u00e3o poderia aumentar a tens\u00e3o entre os Tr\u00eas Poderes; VEJA O V\u00cdDEO"},"content":{"rendered":"<p> <script async src=\"https:\/\/pagead2.googlesyndication.com\/pagead\/js\/adsbygoogle.js?client=ca-pub-8864793242727901\"\r\n     crossorigin=\"anonymous\"><\/script><br \/>\n<br \/>Procuradoria-Geral barra busca e apreens\u00e3o no gabinete do deputado Gustavo Gayer; a\u00e7\u00e3o poderia aumentar a tens\u00e3o entre os Tr\u00eas Poderes; VEJA O V\u00cdDEO<br \/>\n<br \/><br \/>\n<br \/><a href=\"https:\/\/diariodobrasilnoticias.com.br\/noticia\/procuradoria-geral-barra-busca-e-apreensao-no-gabinete-do-deputado-gustavo-gayer-acao-poderia-aumentar-a-tensao-entre-os-tres-poderes-veja-o-video-671d63561c00e\">Source link <\/a><\/p>","protected":false},"excerpt":{"rendered":"<p>Procuradoria-Geral barra busca e apreens\u00e3o no gabinete do deputado Gustavo Gayer; a\u00e7\u00e3o poderia aumentar a tens\u00e3o entre os Tr\u00eas Poderes; VEJA O V\u00cdDEO Source link<\/p>","protected":false},"author":1,"featured_media":52250,"comment_status":"closed","ping_status":"open","sticky":false,"template":"","format":"standard","meta":{"content-type":"","footnotes":""},"categories":[16],"tags":[123,2448,5313,1267],"class_list":["post-52249","post","type-post","status-publish","format-standard","has-post-thumbnail","hentry","category-noticias","tag-brasil","tag-diario","tag-noticia","tag-noticias"],"_links":{"self":[{"href":"https:\/\/tvbrazilusa.com\/pt\/wp-json\/wp\/v2\/posts\/52249","targetHints":{"allow":["GET"]}}],"collection":[{"href":"https:\/\/tvbrazilusa.com\/pt\/wp-json\/wp\/v2\/posts"}],"about":[{"href":"https:\/\/tvbrazilusa.com\/pt\/wp-json\/wp\/v2\/types\/post"}],"author":[{"embeddable":true,"href":"https:\/\/tvbrazilusa.com\/pt\/wp-json\/wp\/v2\/users\/1"}],"replies":[{"embeddable":true,"href":"https:\/\/tvbrazilusa.com\/pt\/wp-json\/wp\/v2\/comments?post=52249"}],"version-history":[{"count":1,"href":"https:\/\/tvbrazilusa.com\/pt\/wp-json\/wp\/v2\/posts\/52249\/revisions"}],"predecessor-version":[{"id":52251,"href":"https:\/\/tvbrazilusa.com\/pt\/wp-json\/wp\/v2\/posts\/52249\/revisions\/52251"}],"wp:featuredmedia":[{"embeddable":true,"href":"https:\/\/tvbrazilusa.com\/pt\/wp-json\/wp\/v2\/media\/52250"}],"wp:attachment":[{"href":"https:\/\/tvbrazilusa.com\/pt\/wp-json\/wp\/v2\/media?parent=52249"}],"wp:term":[{"taxonomy":"category","embeddable":true,"href":"https:\/\/tvbrazilusa.com\/pt\/wp-json\/wp\/v2\/categories?post=52249"},{"taxonomy":"post_tag","embeddable":true,"href":"https:\/\/tvbrazilusa.com\/pt\/wp-json\/wp\/v2\/tags?post=52249"}],"curies":[{"name":"wp","href":"https:\/\/api.w.org\/{rel}","templated":true}]}}