{"id":5234,"date":"2024-07-21T20:30:41","date_gmt":"2024-07-21T20:30:41","guid":{"rendered":"https:\/\/tvbrazilusa.com\/2024\/07\/21\/irmaos-batista-se-beneficiaram-de-decisoes-politicas-e-judiciais-paulo-figueiredo\/"},"modified":"2024-07-21T20:34:21","modified_gmt":"2024-07-21T20:34:21","slug":"irmaos-batista-se-beneficiaram-de-decisoes-politicas-e-judiciais-paulo-figueiredo","status":"publish","type":"post","link":"https:\/\/tvbrazilusa.com\/pt\/2024\/07\/21\/irmaos-batista-se-beneficiaram-de-decisoes-politicas-e-judiciais-paulo-figueiredo\/","title":{"rendered":"Irm\u00e3os Batista se beneficiaram de decis\u00f5es pol\u00edticas e judiciais &#8211; Paulo Figueiredo"},"content":{"rendered":"<p> <script async src=\"https:\/\/pagead2.googlesyndication.com\/pagead\/js\/adsbygoogle.js?client=ca-pub-8864793242727901\"\r\n     crossorigin=\"anonymous\"><\/script><br \/>\n<\/p>\n<div id=\"wtr-content\" data-bg=\"#FFFFFF\" data-fg=\"#006d91\" data-width=\"25\" data-mute=\"1\" data-fgopacity=\"1.00\" data-mutedopacity=\"0.5\" data-placement=\"bottom\" data-placement-offset=\"0\" data-content-offset=\"262\" data-placement-touch=\"bottom\" data-placement-offset-touch=\"0\" data-transparent=\"\" data-shadow=\"0\" data-touch=\"1\" data-non-touch=\"1\" data-comments=\"0\" data-commentsbg=\"transparent\" data-location=\"page\" data-mutedfg=\"#006d91\" data-endfg=\"#006d91\" data-rtl=\"\">\n<h3 class=\"wp-block-heading\">Relembre a trajet\u00f3ria dos irm\u00e3os Joesley e Wesley Batista, suas rela\u00e7\u00f5es com os poderes em Bras\u00edlia e as recentes vantagens obtidas<\/h3>\n<p>A trajet\u00f3ria dos irm\u00e3os Joesley e Wesley Batista \u00e9 um not\u00e1vel cap\u00edtulo do capitalismo brasileiro. Come\u00e7aram ajudando o pai nos neg\u00f3cios, com um pequeno frigor\u00edfico no interior de Goi\u00e1s, para anos mais tarde erguerem o grupo multinacional J&#038;F, maior produtor e exportador de prote\u00edna do mundo, que agora acelera sua incurs\u00e3o em outros setores. Contudo, essa hist\u00f3ria de sucesso tem sido marcada, desde o come\u00e7o deste s\u00e9culo, por uma persistente e controversa rela\u00e7\u00e3o com a esfera pol\u00edtica.<\/p>\n<p>Independentemente da ideologia de parlamentares e governantes, os irm\u00e3os Batista ampliaram a sua influ\u00eancia e colheram benef\u00edcios ao longo de mais de mais de uma d\u00e9cada, gra\u00e7as \u00e0s investidas no jogo pol\u00edtico. Desde a lideran\u00e7a no financiamento privado de campanhas eleitorais, quando isso era permitido, at\u00e9 a obten\u00e7\u00e3o de generosos financiamentos subsidiados do BNDES, o grupo J&#038;F projetou-se como campe\u00e3o nacional com as b\u00ean\u00e7\u00e3os dos poderosos do Legislativo, Executivo e Judici\u00e1rio.<\/p>\n<p>Mesmo atravessando turbul\u00eancias trazidas pela Opera\u00e7\u00e3o Lava Jato, os irm\u00e3os goianos conseguiram driblar os preju\u00edzos. Eles protagonizaram um epis\u00f3dio amparado pelo Minist\u00e9rio P\u00fablico Federal (MPF) que quase custou o mandato do ex-presidente Michel Temer (MDB), mas que lhes deu liberdade para circular e movimentar patrim\u00f4nio no pa\u00eds e exterior.<\/p>\n<p>Em mar\u00e7o de 2017, Wesley e Joesley gravaram uma conversa com Temer em que um deles falava de visitas e favores ao ex-deputado Eduardo Cunha (MDB), que na \u00e9poca estava preso em decorr\u00eancia da opera\u00e7\u00e3o Lava Jato. \u201cTem que manter isso a\u00ed, viu?\u201d, disse o ex-presidente, gerando um esc\u00e2ndalo, para o qual os Batista deram dela\u00e7\u00f5es premiadas.<\/p>\n<p>Ap\u00f3s o curto per\u00edodo fora do palco do poder, Joesley e Wesley voltaram aos holofotes com o terceiro mandato do presidente Luiz In\u00e1cio Lula da Silva (PT). Tal qual tiveram no mandato de Dilma Rousseff (PT), os irm\u00e3os Batista ganharam espa\u00e7o no Conselh\u00e3o da Presid\u00eancia, em eventos p\u00fablicos, agendas e viagens internacionais de ministros e neg\u00f3cios.<\/p>\n<p>Neste ano, veio o primeiro grande favor concedido pelo governo: o financiamento por 15 anos, via conta de luz de todos os brasileiros, de uma distribuidora de eletricidade falida, a Amazonas Energia, com sede em Manaus.<\/p>\n<p>Reportagem do jornal<em>\u00a0O Estado de S. Paulo<\/em>\u00a0revelou que executivos da \u00c2mbar Energia, empresa do Grupo J&#038;F, tiveram ao menos 17 reuni\u00f5es no Minist\u00e9rio de Minas e Energia (MME). As audi\u00eancias ocorreram no per\u00edodo em que o governo preparava uma medida provis\u00f3ria (MP) que beneficiou diretamente termoel\u00e9tricas rec\u00e9m-compradas pela \u00c2mbar.<\/p>\n<p>A MP foi editada em 14 de junho, socorrendo o caixa da Amazonas Energia, cobrindo pagamentos que a estatal devia para uma s\u00e9rie de termoel\u00e9tricas que s\u00e3o suas fornecedoras de eletricidade.<\/p>\n<p>Quatro dias antes da MP, a \u00c2mbar havia comprado 13 termoel\u00e9tricas. Parte delas tinha d\u00e9bitos a receber da Amazonas Energia. Na aquisi\u00e7\u00e3o, a empresa dos irm\u00e3os Batista assumiu o risco pela inadimpl\u00eancia.<\/p>\n<p>Senadores e deputados da oposi\u00e7\u00e3o protocolaram pedidos para ouvir o titular do Minist\u00e9rio de Minas e Energia, Alexandre Silveira, em audi\u00eancia, cobrando explica\u00e7\u00f5es sobre as v\u00e1rias reuni\u00f5es entre integrantes de sua pasta e da \u00c2mbar.<\/p>\n<p>Em nota \u00e0 imprensa, a \u00c2mbar disse que as especula\u00e7\u00f5es a respeito da Medida Provis\u00f3ria 1.232 e o neg\u00f3cio realizado pela empresa s\u00e3o descabidas.<\/p>\n<p>\u201cA \u00c2mbar realizou um neg\u00f3cio privado, com uma empresa privada, ap\u00f3s um acirrado processo competitivo que envolveu propostas vinculantes de diversos grupos econ\u00f4micos, dada a atratividade dos ativos ofertados\u201d, diz a nota. \u201cS\u00e3o descabidas especula\u00e7\u00f5es a respeito da Medida Provis\u00f3ria 1.232 e o neg\u00f3cio realizado pela \u00c2mbar. N\u00e3o fazem sentido t\u00e9cnico e econ\u00f4mico, por diversos fatores. A \u00c2mbar nunca tratou do tema com o Minist\u00e9rio de Minas e Energia. A MP visa o reequil\u00edbrio econ\u00f4mico e financeiro da distribuidora de energia do estado do Amazonas. Cerca de 30% da energia gerada pelas usinas inclu\u00eddas na transa\u00e7\u00e3o \u00e9 contratada pela Amazonas Energia\u201d, diz a empresa.<\/p>\n<h3 class=\"wp-block-heading\">TCU cobra esclarecimentos sobre acordo que beneficia empresa dos irm\u00e3os Batista<\/h3>\n<p>Em outro caso envolvendo a \u00c2mbar, por\u00e9m, os irm\u00e3os Batista est\u00e3o enfrentando dificuldades, apesar de contar com o apoio do Minist\u00e9rio de Minas e Energia.<\/p>\n<p>O Tribunal de Contas da Uni\u00e3o (TCU) est\u00e1 questionando um acordo entre a empresa e a Uni\u00e3o sobre a opera\u00e7\u00e3o de usinas t\u00e9rmicas prevista em contratos emergenciais firmados em 2021, quando o governo federal realizou um leil\u00e3o para garantir fornecimento de energia el\u00e9trica de usinas t\u00e9rmicas em meio \u00e0 crise h\u00eddrica.<\/p>\n<p>O acordo, que chegou a ser validado pela Ag\u00eancia Nacional de Energia El\u00e9trica (Aneel), vinha sendo costurado com o Minist\u00e9rio de Minas e Energia depois que a \u00c2mbar descumpriu prazos desses contratos emergenciais para a entrega de energia produzida em quatro termel\u00e9tricas a g\u00e1s. Mas, em um despacho na segunda-feira (15), o ministro Benjamin Zymler, do TCU, pediu esclarecimentos.<\/p>\n<p>A decis\u00e3o de Zymler atende parcialmente o pedido do subprocurador-geral do Minist\u00e9rio P\u00fablico junto ao TCU, Lucas Furtado. Na semana passada, Furtado solicitou uma medida cautelar para suspender o acordo sob argumento de que ele n\u00e3o traz nenhuma vantagem para a administra\u00e7\u00e3o p\u00fablica.<\/p>\n<p>Pressionado pelo TCU, o Minist\u00e9rio de Minas e Energia adiou para 30 de agosto a entrada em vig\u00eancia do acordo com a \u00c2mbar em torno dos contratos celebrados a partir do leil\u00e3o emergencial de usinas t\u00e9rmicas. O in\u00edcio da validade estava previsto para a pr\u00f3xima segunda-feira (22). O novo cronograma d\u00e1 mais tempo para a Corte de contas analisar o caso e decidir.<\/p>\n<h3 class=\"wp-block-heading\">J&#038;F tamb\u00e9m se beneficiou de decis\u00e3o de Toffoli na Lava Jato<\/h3>\n<p>Antes de a J&#038;F ser beneficiada por decis\u00f5es do governo, no apagar das luzes de 2023, uma decis\u00e3o monocr\u00e1tica do ministro Dias Toffoli, do Supremo Tribunal Federal (STF), suspendeu o pagamento de multas de R$ 10,3 bilh\u00f5es do grupo, fixadas por acordo de leni\u00eancia feito com o Minist\u00e9rio P\u00fablico Federal (MPF) em 2017. O magistrado tamb\u00e9m deu acesso \u00e0 companhia aos arquivos de mensagens vazadas entre autoridades e integrantes da Lava Jato, apreendidas no epis\u00f3dio chamado de \u201cVaza Jato\u201d.<\/p>\n<p>A decis\u00e3o foi dada em resposta ao pedido da J&#038;F feito dentro da a\u00e7\u00e3o em que o magistrado disse que a pris\u00e3o de Lula foi \u201carma\u00e7\u00e3o\u201d e anulou provas do acordo de leni\u00eancia da Odebrecht. A esposa de Toffoli advoga para a J&#038;F, embora n\u00e3o tenha atuado nesse caso espec\u00edfico.<\/p>\n<h2 class=\"wp-block-heading\">Irm\u00e3os Batista apostaram em diversifica\u00e7\u00e3o dos neg\u00f3cios<\/h2>\n<p>A trajet\u00f3ria da J&#038;F come\u00e7ou nos anos 1960, com a cria\u00e7\u00e3o de matadouros em An\u00e1polis e Formosa e a diversifica\u00e7\u00e3o do mercado de carne em Bras\u00edlia. Nos anos 1980, a segunda gera\u00e7\u00e3o da fam\u00edlia assumiu o controle, expandindo ainda mais as opera\u00e7\u00f5es, incluindo a aquisi\u00e7\u00e3o de um frigor\u00edfico em Luzi\u00e2nia.<\/p>\n<p>No come\u00e7o dos 2000, a J&#038;F se internacionalizou, comprando a Swift Armour na Argentina e a Swift Co. nos EUA. A empresa diversificou em outras \u00e1reas nos anos 2010, fundando o Banco Original, Eldorado Brasil Celulose e adquirindo o frigor\u00edfico Seara e o Canal Rural.<\/p>\n<p>Recentemente, investiram em tecnologia e sustentabilidade, comprando a Vivera e entrando na aquicultura com a Huon. O grupo tamb\u00e9m criou o Instituto J&#038;F, focado em educa\u00e7\u00e3o empresarial e inova\u00e7\u00e3o.<\/p>\n<p><strong><a href=\"https:\/\/www.gazetadopovo.com.br\/republica\/de-volta-aos-holofotes-do-poder-irmaos-batista-se-beneficiam-de-decisoes-politicas-e-judiciais\/\">Source link<\/a><\/strong><\/p>\n<\/div>\n<p><br \/>\n<br \/><a href=\"https:\/\/paulofigueiredoshow.com\/irmaos-batista-se-beneficiaram-de-decisoes-politicas-e-judiciais\/\">Source link <\/a><\/p>","protected":false},"excerpt":{"rendered":"<p>Relembre a trajet\u00f3ria dos irm\u00e3os Joesley e Wesley Batista, suas rela\u00e7\u00f5es com os poderes em Bras\u00edlia e as recentes vantagens obtidas A trajet\u00f3ria dos irm\u00e3os Joesley e Wesley Batista \u00e9&hellip;<\/p>","protected":false},"author":1,"featured_media":5235,"comment_status":"closed","ping_status":"open","sticky":false,"template":"","format":"standard","meta":{"content-type":"","footnotes":""},"categories":[16],"tags":[],"class_list":["post-5234","post","type-post","status-publish","format-standard","has-post-thumbnail","hentry","category-noticias"],"_links":{"self":[{"href":"https:\/\/tvbrazilusa.com\/pt\/wp-json\/wp\/v2\/posts\/5234","targetHints":{"allow":["GET"]}}],"collection":[{"href":"https:\/\/tvbrazilusa.com\/pt\/wp-json\/wp\/v2\/posts"}],"about":[{"href":"https:\/\/tvbrazilusa.com\/pt\/wp-json\/wp\/v2\/types\/post"}],"author":[{"embeddable":true,"href":"https:\/\/tvbrazilusa.com\/pt\/wp-json\/wp\/v2\/users\/1"}],"replies":[{"embeddable":true,"href":"https:\/\/tvbrazilusa.com\/pt\/wp-json\/wp\/v2\/comments?post=5234"}],"version-history":[{"count":1,"href":"https:\/\/tvbrazilusa.com\/pt\/wp-json\/wp\/v2\/posts\/5234\/revisions"}],"predecessor-version":[{"id":5236,"href":"https:\/\/tvbrazilusa.com\/pt\/wp-json\/wp\/v2\/posts\/5234\/revisions\/5236"}],"wp:featuredmedia":[{"embeddable":true,"href":"https:\/\/tvbrazilusa.com\/pt\/wp-json\/wp\/v2\/media\/5235"}],"wp:attachment":[{"href":"https:\/\/tvbrazilusa.com\/pt\/wp-json\/wp\/v2\/media?parent=5234"}],"wp:term":[{"taxonomy":"category","embeddable":true,"href":"https:\/\/tvbrazilusa.com\/pt\/wp-json\/wp\/v2\/categories?post=5234"},{"taxonomy":"post_tag","embeddable":true,"href":"https:\/\/tvbrazilusa.com\/pt\/wp-json\/wp\/v2\/tags?post=5234"}],"curies":[{"name":"wp","href":"https:\/\/api.w.org\/{rel}","templated":true}]}}