{"id":5237,"date":"2024-07-21T20:30:16","date_gmt":"2024-07-21T20:30:16","guid":{"rendered":"https:\/\/tvbrazilusa.com\/2024\/07\/21\/arthur-lira-diz-que-congresso-nao-vai-aprovar-mudancas-na-lei-do-aborto\/"},"modified":"2024-07-21T20:40:27","modified_gmt":"2024-07-21T20:40:27","slug":"arthur-lira-diz-que-congresso-nao-vai-aprovar-mudancas-na-lei-do-aborto","status":"publish","type":"post","link":"https:\/\/tvbrazilusa.com\/pt\/2024\/07\/21\/arthur-lira-diz-que-congresso-nao-vai-aprovar-mudancas-na-lei-do-aborto\/","title":{"rendered":"Arthur Lira diz que Congresso n\u00e3o vai aprovar mudan\u00e7as na lei do aborto"},"content":{"rendered":"<p> <script async src=\"https:\/\/pagead2.googlesyndication.com\/pagead\/js\/adsbygoogle.js?client=ca-pub-8864793242727901\"\r\n     crossorigin=\"anonymous\"><\/script><br \/>\n<\/p>\n<div>\n<p>Em uma recente entrevista concedida \u00e0 GloboNews, o presidente da C\u00e2mara dos Deputados, Arthur Lira (PP-AL), destacou que n\u00e3o h\u00e1 expectativas para a aprova\u00e7\u00e3o de mudan\u00e7as nas leis referentes ao aborto, assim como nas de armas e drogas. A fala ocorreu na \u00faltima sexta-feira (19), enfatizando a postura conservadora predominante na casa legislativa atualmente.<\/p>\n<p>Lira aproveitou a ocasi\u00e3o para esclarecer que o foco do projeto de lei 1.904\/2024 era, originalmente, uma t\u00e9cnica m\u00e9dica espec\u00edfica conhecida como assistolia fetal. Esta t\u00e9cnica, que consiste na inje\u00e7\u00e3o de cloreto de pot\u00e1ssio no cora\u00e7\u00e3o fetal para cessar seus batimentos antes do procedimento de retirada do \u00fatero, gerou pol\u00eamica e envolvimento de \u00f3rg\u00e3os superiores na sua regulamenta\u00e7\u00e3o.<\/p>\n<h2 class=\"wp-block-heading\">Entenda o Impasse sobre a Assistolia Fetal e sua Regulamenta\u00e7\u00e3o<\/h2>\n<p>O Conselho Federal de Medicina (CFM) havia proibido o uso da assistolia fetal, decis\u00e3o que foi posteriormente contestada pelo Supremo Tribunal Federal (STF). O STF reverteu a proibi\u00e7\u00e3o do CFM, justificando que a medida representava um abuso de poder regulat\u00f3rio que limitava a pr\u00e1tica de um procedimento m\u00e9dico n\u00e3o s\u00f3 reconhecido, mas tamb\u00e9m recomendado pela Organiza\u00e7\u00e3o Mundial da Sa\u00fade (OMS).<\/p>\n<h2 class=\"wp-block-heading\">Como essa Decis\u00e3o Impacta os Casos de Aborto Legal?<\/h2>\n<p>Segundo explana\u00e7\u00f5es durante a entrevista, a decis\u00e3o do STF facilita a realiza\u00e7\u00e3o de abortos, especialmente em casos severos como os de gravidez resultante de estupro. Contudo, o debate se tornou ainda mais delicado quando o projeto come\u00e7ou a ser associado \u00e0 equipara\u00e7\u00e3o do aborto, em gesta\u00e7\u00f5es acima de 22 semanas, a um ato de homic\u00eddio, o que incluiria tamb\u00e9m os casos de aborto p\u00f3s-estupro.<\/p>\n<p>O presidente da C\u00e2mara ressaltou que, apesar do debate necess\u00e1rio sobre a assistolia fetal, o restante do projeto desvirtuou-se ao abranger temas mais amplos e controversos. \u201cO que discutimos foi uma t\u00e9cnica, e foi o resto do projeto que deu uma vers\u00e3o horrenda. Para n\u00e3o ter confus\u00f5es, vamos centrar as discuss\u00f5es na assistolia fetal e n\u00e3o na mudan\u00e7a da legisla\u00e7\u00e3o do aborto, porque essa altera\u00e7\u00e3o n\u00e3o passar\u00e1 no Congresso\u201d, concluiu Lira.<\/p>\n<\/p><\/div>\n<p><br \/>\n<br \/><a href=\"https:\/\/terrabrasilnoticias.com\/2024\/07\/arthur-lira-diz-que-congresso-nao-vai-aprovar-mudancas-na-lei-do-aborto\/\">Source link <\/a><\/p>","protected":false},"excerpt":{"rendered":"<p>Em uma recente entrevista concedida \u00e0 GloboNews, o presidente da C\u00e2mara dos Deputados, Arthur Lira (PP-AL), destacou que n\u00e3o h\u00e1 expectativas para a aprova\u00e7\u00e3o de mudan\u00e7as nas leis referentes ao&hellip;<\/p>","protected":false},"author":1,"featured_media":5238,"comment_status":"closed","ping_status":"open","sticky":false,"template":"","format":"standard","meta":{"content-type":"","footnotes":""},"categories":[16],"tags":[],"class_list":["post-5237","post","type-post","status-publish","format-standard","has-post-thumbnail","hentry","category-noticias"],"_links":{"self":[{"href":"https:\/\/tvbrazilusa.com\/pt\/wp-json\/wp\/v2\/posts\/5237","targetHints":{"allow":["GET"]}}],"collection":[{"href":"https:\/\/tvbrazilusa.com\/pt\/wp-json\/wp\/v2\/posts"}],"about":[{"href":"https:\/\/tvbrazilusa.com\/pt\/wp-json\/wp\/v2\/types\/post"}],"author":[{"embeddable":true,"href":"https:\/\/tvbrazilusa.com\/pt\/wp-json\/wp\/v2\/users\/1"}],"replies":[{"embeddable":true,"href":"https:\/\/tvbrazilusa.com\/pt\/wp-json\/wp\/v2\/comments?post=5237"}],"version-history":[{"count":1,"href":"https:\/\/tvbrazilusa.com\/pt\/wp-json\/wp\/v2\/posts\/5237\/revisions"}],"predecessor-version":[{"id":5239,"href":"https:\/\/tvbrazilusa.com\/pt\/wp-json\/wp\/v2\/posts\/5237\/revisions\/5239"}],"wp:featuredmedia":[{"embeddable":true,"href":"https:\/\/tvbrazilusa.com\/pt\/wp-json\/wp\/v2\/media\/5238"}],"wp:attachment":[{"href":"https:\/\/tvbrazilusa.com\/pt\/wp-json\/wp\/v2\/media?parent=5237"}],"wp:term":[{"taxonomy":"category","embeddable":true,"href":"https:\/\/tvbrazilusa.com\/pt\/wp-json\/wp\/v2\/categories?post=5237"},{"taxonomy":"post_tag","embeddable":true,"href":"https:\/\/tvbrazilusa.com\/pt\/wp-json\/wp\/v2\/tags?post=5237"}],"curies":[{"name":"wp","href":"https:\/\/api.w.org\/{rel}","templated":true}]}}