{"id":52405,"date":"2024-10-27T16:24:53","date_gmt":"2024-10-27T16:24:53","guid":{"rendered":"https:\/\/tvbrazilusa.com\/2024\/10\/27\/defesas-iranianas-foram\/"},"modified":"2024-10-27T16:24:54","modified_gmt":"2024-10-27T16:24:54","slug":"defesas-iranianas-foram","status":"publish","type":"post","link":"https:\/\/tvbrazilusa.com\/pt\/2024\/10\/27\/defesas-iranianas-foram\/","title":{"rendered":"Defesas iranianas foram"},"content":{"rendered":"<p> <script async src=\"https:\/\/pagead2.googlesyndication.com\/pagead\/js\/adsbygoogle.js?client=ca-pub-8864793242727901\"\r\n     crossorigin=\"anonymous\"><\/script><br \/>\n<\/p>\n<div id=\"taboola-read-more\" style=\"display:block; width:100%\">\n<p>O primeiro-ministro israelense, Benjamin Netanyahu, disse neste domingo (27) que os recentes ataques de Israel ao Ir\u00e3 danificaram severamente suas capacidades de defesa, sem fornecer mais detalhes sobre quais foram os alvos.\n<\/p>\n<p>Em seus primeiros coment\u00e1rios sobre os ataques, Netanyahu disse que Israel tinha prometido responder firmemente ao ataque de m\u00edsseis bal\u00edsticos iranianos no in\u00edcio deste m\u00eas.<\/p>\n<p>\u201cNas primeiras horas da manh\u00e3 de s\u00e1bado, mantivemos nossa promessa e danificamos severamente a capacidade de defesa do Ir\u00e3 e sua capacidade de produzir m\u00edsseis disparados contra n\u00f3s\u201d, disse Netanyahu.\n<\/p>\n<p>\u201cOntem batemos na cabe\u00e7a do polvo. Ao povo do Ir\u00e3 digo \u2013 nossa luta contra um regime tir\u00e2nico que amea\u00e7a toda a regi\u00e3o. Quem nos machuca, n\u00f3s os machucamos.\u201d\n<\/p>\n<p>Netanyahu agradeceu aos EUA pela \u201cestreita coordena\u00e7\u00e3o e assist\u00eancia\u201d nos ataques das FDI contra o Ir\u00e3, e disse que o ataque \u201catingiu todos os seus objetivos\u201d.\n<\/p>\n<p>Os funcion\u00e1rios da administra\u00e7\u00e3o Biden disseram que os EUA n\u00e3o estavam diretamente envolvidos com o ataque, mas foram consultados a respeito.\n<\/p>\n<p>O Ir\u00e3 disse que Israel atacou instala\u00e7\u00f5es militares em todo o pa\u00eds na manh\u00e3 de s\u00e1bado, causando \u201cdanos limitados\u201d em algumas \u00e1reas.\n<\/p>\n<p>Israel \u201catacou partes de centros militares nas prov\u00edncias de Teer\u00e3, Khuzestan e Ilam\u201d, informou a ag\u00eancia de not\u00edcias estatal IRNA, acrescentando que \u201co ataque foi interceptado com sucesso e repelido\u201d pelo \u201csistema integrado de defesa a\u00e9rea do Ir\u00e3.\u201d\n<\/p>\n<p>Fonte: CNN              <\/p>\n<\/div>\n<p><br \/>\n<br \/><a href=\"https:\/\/diariodobrasilnoticias.com.br\/noticia\/defesas-iranianas-foram-gravemente-danificadas-diz-netanyahu-671e4628a7706\">Source link <\/a><\/p>","protected":false},"excerpt":{"rendered":"<p>O primeiro-ministro israelense, Benjamin Netanyahu, disse neste domingo (27) que os recentes ataques de Israel ao Ir\u00e3 danificaram severamente suas capacidades de defesa, sem fornecer mais detalhes sobre quais foram&hellip;<\/p>","protected":false},"author":1,"featured_media":52406,"comment_status":"closed","ping_status":"open","sticky":false,"template":"","format":"standard","meta":{"content-type":"","footnotes":""},"categories":[16],"tags":[123,2448,5313,1267],"class_list":["post-52405","post","type-post","status-publish","format-standard","has-post-thumbnail","hentry","category-noticias","tag-brasil","tag-diario","tag-noticia","tag-noticias"],"_links":{"self":[{"href":"https:\/\/tvbrazilusa.com\/pt\/wp-json\/wp\/v2\/posts\/52405","targetHints":{"allow":["GET"]}}],"collection":[{"href":"https:\/\/tvbrazilusa.com\/pt\/wp-json\/wp\/v2\/posts"}],"about":[{"href":"https:\/\/tvbrazilusa.com\/pt\/wp-json\/wp\/v2\/types\/post"}],"author":[{"embeddable":true,"href":"https:\/\/tvbrazilusa.com\/pt\/wp-json\/wp\/v2\/users\/1"}],"replies":[{"embeddable":true,"href":"https:\/\/tvbrazilusa.com\/pt\/wp-json\/wp\/v2\/comments?post=52405"}],"version-history":[{"count":1,"href":"https:\/\/tvbrazilusa.com\/pt\/wp-json\/wp\/v2\/posts\/52405\/revisions"}],"predecessor-version":[{"id":52407,"href":"https:\/\/tvbrazilusa.com\/pt\/wp-json\/wp\/v2\/posts\/52405\/revisions\/52407"}],"wp:featuredmedia":[{"embeddable":true,"href":"https:\/\/tvbrazilusa.com\/pt\/wp-json\/wp\/v2\/media\/52406"}],"wp:attachment":[{"href":"https:\/\/tvbrazilusa.com\/pt\/wp-json\/wp\/v2\/media?parent=52405"}],"wp:term":[{"taxonomy":"category","embeddable":true,"href":"https:\/\/tvbrazilusa.com\/pt\/wp-json\/wp\/v2\/categories?post=52405"},{"taxonomy":"post_tag","embeddable":true,"href":"https:\/\/tvbrazilusa.com\/pt\/wp-json\/wp\/v2\/tags?post=52405"}],"curies":[{"name":"wp","href":"https:\/\/api.w.org\/{rel}","templated":true}]}}