{"id":52408,"date":"2024-10-27T16:37:23","date_gmt":"2024-10-27T16:37:23","guid":{"rendered":"https:\/\/tvbrazilusa.com\/2024\/10\/27\/aviao-colide-com-torre-de-transmissao-e-piloto-morre\/"},"modified":"2024-10-27T16:37:24","modified_gmt":"2024-10-27T16:37:24","slug":"aviao-colide-com-torre-de-transmissao-e-piloto-morre","status":"publish","type":"post","link":"https:\/\/tvbrazilusa.com\/pt\/2024\/10\/27\/aviao-colide-com-torre-de-transmissao-e-piloto-morre\/","title":{"rendered":"Avi\u00e3o colide com torre de transmiss\u00e3o e piloto morre"},"content":{"rendered":"<p> <script async src=\"https:\/\/pagead2.googlesyndication.com\/pagead\/js\/adsbygoogle.js?client=ca-pub-8864793242727901\"\r\n     crossorigin=\"anonymous\"><\/script><br \/>\n<\/p>\n<div id=\"taboola-read-more\" style=\"display:block; width:100%\">\n<p>Um avi\u00e3o agr\u00edcola bateu contra uma torre de transmiss\u00e3o na zona rural de Serran\u00f3polis, no sudoeste de Goi\u00e1s, na tarde do \u00faltimo s\u00e1bado (26). O piloto n\u00e3o resistiu e morreu.\n<\/p>\n<p>Segundo a Pol\u00edcia Cient\u00edfica, a colis\u00e3o ocorreu quando a aeronave se aproximava para pouso, a cerca de 6 quil\u00f4metros da pista.<\/p>\n<p>Para os bombeiros, seguran\u00e7as do local informaram que a queda aconteceu por volta das 17h40.\n<\/p>\n<p>O impacto fez o avi\u00e3o girar e cair aproximadamente 200 metros \u00e0 frente do ponto de colis\u00e3o.\n<\/p>\n<p>De acordo com o Corpo de Bombeiros, ap\u00f3s a colis\u00e3o, o avi\u00e3o caiu em uma \u00e1rea de plantio de cana de a\u00e7\u00facar. A estrutura da aeronave ficou completamente danificada e destru\u00edda.\n<\/p>\n<p>A v\u00edtima, um piloto de jata\u00ed (GO), identificado como Leonardo Meca Ticianelli, de 38 anos, sofreu um politraumatismo fatal, com fraturas m\u00faltiplas e ferimentos graves na face e na perna. O homem j\u00e1 estava sem vida quando os bombeiros chegaram no local.\n<\/p>\n<p>O corpo do piloto foi encaminhado ao IML de Jata\u00ed para procedimentos de identifica\u00e7\u00e3o.\n<\/p>\n<p>De acordo com levantamentos da Pol\u00edcia Cient\u00edfica, o avi\u00e3o n\u00e3o indicou ind\u00edcios de falha mec\u00e2nica, mas ainda segue em investiga\u00e7\u00e3o para encontrar as causas do acidente.\n<\/p>\n<p>*Sob supervis\u00e3o de Bruno Lafor\u00e9\n<\/p>\n<p>Fonte: CNN              <\/p>\n<\/div>\n<p><br \/>\n<br \/><a href=\"https:\/\/diariodobrasilnoticias.com.br\/noticia\/aviao-colide-com-torre-de-transmissao-e-piloto-morre-671e47627213e\">Source link <\/a><\/p>","protected":false},"excerpt":{"rendered":"<p>Um avi\u00e3o agr\u00edcola bateu contra uma torre de transmiss\u00e3o na zona rural de Serran\u00f3polis, no sudoeste de Goi\u00e1s, na tarde do \u00faltimo s\u00e1bado (26). O piloto n\u00e3o resistiu e morreu.&hellip;<\/p>","protected":false},"author":1,"featured_media":52409,"comment_status":"closed","ping_status":"open","sticky":false,"template":"","format":"standard","meta":{"content-type":"","footnotes":""},"categories":[16],"tags":[123,2448,5313,1267],"class_list":["post-52408","post","type-post","status-publish","format-standard","has-post-thumbnail","hentry","category-noticias","tag-brasil","tag-diario","tag-noticia","tag-noticias"],"_links":{"self":[{"href":"https:\/\/tvbrazilusa.com\/pt\/wp-json\/wp\/v2\/posts\/52408","targetHints":{"allow":["GET"]}}],"collection":[{"href":"https:\/\/tvbrazilusa.com\/pt\/wp-json\/wp\/v2\/posts"}],"about":[{"href":"https:\/\/tvbrazilusa.com\/pt\/wp-json\/wp\/v2\/types\/post"}],"author":[{"embeddable":true,"href":"https:\/\/tvbrazilusa.com\/pt\/wp-json\/wp\/v2\/users\/1"}],"replies":[{"embeddable":true,"href":"https:\/\/tvbrazilusa.com\/pt\/wp-json\/wp\/v2\/comments?post=52408"}],"version-history":[{"count":1,"href":"https:\/\/tvbrazilusa.com\/pt\/wp-json\/wp\/v2\/posts\/52408\/revisions"}],"predecessor-version":[{"id":52410,"href":"https:\/\/tvbrazilusa.com\/pt\/wp-json\/wp\/v2\/posts\/52408\/revisions\/52410"}],"wp:featuredmedia":[{"embeddable":true,"href":"https:\/\/tvbrazilusa.com\/pt\/wp-json\/wp\/v2\/media\/52409"}],"wp:attachment":[{"href":"https:\/\/tvbrazilusa.com\/pt\/wp-json\/wp\/v2\/media?parent=52408"}],"wp:term":[{"taxonomy":"category","embeddable":true,"href":"https:\/\/tvbrazilusa.com\/pt\/wp-json\/wp\/v2\/categories?post=52408"},{"taxonomy":"post_tag","embeddable":true,"href":"https:\/\/tvbrazilusa.com\/pt\/wp-json\/wp\/v2\/tags?post=52408"}],"curies":[{"name":"wp","href":"https:\/\/api.w.org\/{rel}","templated":true}]}}