{"id":52420,"date":"2024-10-27T17:32:51","date_gmt":"2024-10-27T17:32:51","guid":{"rendered":"https:\/\/tvbrazilusa.com\/2024\/10\/27\/na-india-aluno-de-autoescola-confunde-os-pedais-do-carro-e-cai-dentro-de-lago-veja-o-video\/"},"modified":"2024-10-27T17:32:52","modified_gmt":"2024-10-27T17:32:52","slug":"na-india-aluno-de-autoescola-confunde-os-pedais-do-carro-e-cai-dentro-de-lago-veja-o-video","status":"publish","type":"post","link":"https:\/\/tvbrazilusa.com\/pt\/2024\/10\/27\/na-india-aluno-de-autoescola-confunde-os-pedais-do-carro-e-cai-dentro-de-lago-veja-o-video\/","title":{"rendered":"Na \u00cdndia, aluno de autoescola confunde os pedais do carro e cai dentro de lago; VEJA O V\u00cdDEO"},"content":{"rendered":"<p> <script async src=\"https:\/\/pagead2.googlesyndication.com\/pagead\/js\/adsbygoogle.js?client=ca-pub-8864793242727901\"\r\n     crossorigin=\"anonymous\"><\/script><br \/>\n<\/p>\n<div id=\"taboola-read-more\" style=\"display:block; width:100%\">\n<p>Um carro conduzido por um aluno de autoescola caiu dentro de um lago, no distrito de Jangaon, na \u00cdndia, a cerca de 1,5 mil quil\u00f4metros da capital Nova Deli. O motorista e o passageiro que estavam no ve\u00edculo foram resgatados em seguran\u00e7a.\u00a0\n<\/p>\n<p>\u00c0 imprensa local, testemunhas disseram que a aula de dire\u00e7\u00e3o ocorria pr\u00f3ximo ao lago Bathukamma Kunta. O aluno se confundiu com os pedais e acabou acelerando. Ele perdeu o controle da dire\u00e7\u00e3o, fazendo com que o carro ca\u00edsse na \u00e1gua.\u00a0<\/p>\n<p>Enquanto a dupla tentava abrir a porta do carro, moradores da regi\u00e3o notaram o ve\u00edculo dentro do lago e rapidamente ajudaram no socorro, relatou o The Times of India. A dupla conseguiu sair pela janela antes do carro ficar submerso.\n<\/p>\n<p>Uma escavadeira foi necess\u00e1ria para retirar o carro de dentro do lago. O incidente ocorreu no \u00faltimo dia 18.\n<\/p>\n<p>Veja v\u00eddeo:\n<\/p>\n<p>Fonte: Terra              <\/p>\n<\/div>\n<p><br \/>\n<br \/><a href=\"https:\/\/diariodobrasilnoticias.com.br\/noticia\/na-india-aluno-de-autoescola-confunde-os-pedais-do-carro-e-cai-dentro-de-lago-veja-o-video-671e52627b4f9\">Source link <\/a><\/p>","protected":false},"excerpt":{"rendered":"<p>Um carro conduzido por um aluno de autoescola caiu dentro de um lago, no distrito de Jangaon, na \u00cdndia, a cerca de 1,5 mil quil\u00f4metros da capital Nova Deli. O&hellip;<\/p>","protected":false},"author":1,"featured_media":52421,"comment_status":"closed","ping_status":"open","sticky":false,"template":"","format":"standard","meta":{"content-type":"","footnotes":""},"categories":[16],"tags":[123,2448,5313,1267],"class_list":["post-52420","post","type-post","status-publish","format-standard","has-post-thumbnail","hentry","category-noticias","tag-brasil","tag-diario","tag-noticia","tag-noticias"],"_links":{"self":[{"href":"https:\/\/tvbrazilusa.com\/pt\/wp-json\/wp\/v2\/posts\/52420","targetHints":{"allow":["GET"]}}],"collection":[{"href":"https:\/\/tvbrazilusa.com\/pt\/wp-json\/wp\/v2\/posts"}],"about":[{"href":"https:\/\/tvbrazilusa.com\/pt\/wp-json\/wp\/v2\/types\/post"}],"author":[{"embeddable":true,"href":"https:\/\/tvbrazilusa.com\/pt\/wp-json\/wp\/v2\/users\/1"}],"replies":[{"embeddable":true,"href":"https:\/\/tvbrazilusa.com\/pt\/wp-json\/wp\/v2\/comments?post=52420"}],"version-history":[{"count":1,"href":"https:\/\/tvbrazilusa.com\/pt\/wp-json\/wp\/v2\/posts\/52420\/revisions"}],"predecessor-version":[{"id":52422,"href":"https:\/\/tvbrazilusa.com\/pt\/wp-json\/wp\/v2\/posts\/52420\/revisions\/52422"}],"wp:featuredmedia":[{"embeddable":true,"href":"https:\/\/tvbrazilusa.com\/pt\/wp-json\/wp\/v2\/media\/52421"}],"wp:attachment":[{"href":"https:\/\/tvbrazilusa.com\/pt\/wp-json\/wp\/v2\/media?parent=52420"}],"wp:term":[{"taxonomy":"category","embeddable":true,"href":"https:\/\/tvbrazilusa.com\/pt\/wp-json\/wp\/v2\/categories?post=52420"},{"taxonomy":"post_tag","embeddable":true,"href":"https:\/\/tvbrazilusa.com\/pt\/wp-json\/wp\/v2\/tags?post=52420"}],"curies":[{"name":"wp","href":"https:\/\/api.w.org\/{rel}","templated":true}]}}