{"id":52435,"date":"2024-10-27T18:10:40","date_gmt":"2024-10-27T18:10:40","guid":{"rendered":"https:\/\/tvbrazilusa.com\/2024\/10\/27\/pms-e-petistas-discutem-em-local-de-votacao-do-candidato-do-pt-a-prefeitura-de-fortaleza-evandro-leitao-veja-o-video\/"},"modified":"2024-10-27T18:10:41","modified_gmt":"2024-10-27T18:10:41","slug":"pms-e-petistas-discutem-em-local-de-votacao-do-candidato-do-pt-a-prefeitura-de-fortaleza-evandro-leitao-veja-o-video","status":"publish","type":"post","link":"https:\/\/tvbrazilusa.com\/pt\/2024\/10\/27\/pms-e-petistas-discutem-em-local-de-votacao-do-candidato-do-pt-a-prefeitura-de-fortaleza-evandro-leitao-veja-o-video\/","title":{"rendered":"PMs e petistas discutem em local de vota\u00e7\u00e3o do candidato do PT \u00e0 prefeitura de Fortaleza, Evandro Leit\u00e3o; VEJA O V\u00cdDEO"},"content":{"rendered":"<p> <script async src=\"https:\/\/pagead2.googlesyndication.com\/pagead\/js\/adsbygoogle.js?client=ca-pub-8864793242727901\"\r\n     crossorigin=\"anonymous\"><\/script><br \/>\n<\/p>\n<div id=\"taboola-read-more\" style=\"display:block; width:100%\">\n<p>Apoiadores de Evandro Leit\u00e3o (PT) e policiais militares j\u00e1 se envolveram em duas confus\u00f5es na manh\u00e3 deste domingo (27) em frente \u00e0 Faculdade Farias Brito, no bairro da Varjota, em Fortaleza, onde o petista votou. Policiais acusaram parlamentares e lideran\u00e7as petistas de promover \u2018aglomera\u00e7\u00e3o\u2019. O deputado federal Jos\u00e9 Guimar\u00e3es era um dos mais exaltados.\n<\/p>\n<p>Em outro momento de tens\u00e3o, o deputado estadual Assis Diniz (PT) cercou o carro de um apoiador de Andr\u00e9 Fernandes (PL), que passou pelo local gritando \u201cvoc\u00eas v\u00e3o ser presos\u201d, em dire\u00e7\u00e3o aos petistas. Assis Diniz protestou contra a atua\u00e7\u00e3o dos policiais, que segundo ele, ajudaram o carro de Fernandes a escapar do cerco. Ele queria que os policiais dessem voz de pris\u00e3o ao apoiador do advers\u00e1rio.<\/p>\n<p>Veja v\u00eddeo:\n<\/p>\n<p><iframe title=\"Deputados do PT s\u00e3o acusados de promover \u2018aglomera\u00e7\u00e3o\u2019 por PMs em local de vota\u00e7\u00e3o de Evandro Leit\u00e3o\" width=\"1170\" height=\"658\" src=\"https:\/\/www.youtube.com\/embed\/QNza2wPQx-w?feature=oembed\" frameborder=\"0\" allow=\"accelerometer; autoplay; clipboard-write; encrypted-media; gyroscope; picture-in-picture; web-share\" referrerpolicy=\"strict-origin-when-cross-origin\" allowfullscreen><\/iframe>\n<\/p>\n<p>Com informa\u00e7\u00f5es de UOL\n<\/p>\n<p>Fonte: Blog do BG              <\/p>\n<\/div>\n<p><br \/>\n<br \/><a href=\"https:\/\/diariodobrasilnoticias.com.br\/noticia\/pms-e-petistas-discutem-em-local-de-votacao-do-candidato-do-pt-a-prefeitura-de-fortaleza-evandro-leitao-veja-o-video-671e6c65a8b8f\">Source link <\/a><\/p>","protected":false},"excerpt":{"rendered":"<p>Apoiadores de Evandro Leit\u00e3o (PT) e policiais militares j\u00e1 se envolveram em duas confus\u00f5es na manh\u00e3 deste domingo (27) em frente \u00e0 Faculdade Farias Brito, no bairro da Varjota, em&hellip;<\/p>","protected":false},"author":1,"featured_media":52436,"comment_status":"closed","ping_status":"open","sticky":false,"template":"","format":"standard","meta":{"content-type":"","footnotes":""},"categories":[16],"tags":[123,2448,5313,1267],"class_list":["post-52435","post","type-post","status-publish","format-standard","has-post-thumbnail","hentry","category-noticias","tag-brasil","tag-diario","tag-noticia","tag-noticias"],"_links":{"self":[{"href":"https:\/\/tvbrazilusa.com\/pt\/wp-json\/wp\/v2\/posts\/52435","targetHints":{"allow":["GET"]}}],"collection":[{"href":"https:\/\/tvbrazilusa.com\/pt\/wp-json\/wp\/v2\/posts"}],"about":[{"href":"https:\/\/tvbrazilusa.com\/pt\/wp-json\/wp\/v2\/types\/post"}],"author":[{"embeddable":true,"href":"https:\/\/tvbrazilusa.com\/pt\/wp-json\/wp\/v2\/users\/1"}],"replies":[{"embeddable":true,"href":"https:\/\/tvbrazilusa.com\/pt\/wp-json\/wp\/v2\/comments?post=52435"}],"version-history":[{"count":1,"href":"https:\/\/tvbrazilusa.com\/pt\/wp-json\/wp\/v2\/posts\/52435\/revisions"}],"predecessor-version":[{"id":52437,"href":"https:\/\/tvbrazilusa.com\/pt\/wp-json\/wp\/v2\/posts\/52435\/revisions\/52437"}],"wp:featuredmedia":[{"embeddable":true,"href":"https:\/\/tvbrazilusa.com\/pt\/wp-json\/wp\/v2\/media\/52436"}],"wp:attachment":[{"href":"https:\/\/tvbrazilusa.com\/pt\/wp-json\/wp\/v2\/media?parent=52435"}],"wp:term":[{"taxonomy":"category","embeddable":true,"href":"https:\/\/tvbrazilusa.com\/pt\/wp-json\/wp\/v2\/categories?post=52435"},{"taxonomy":"post_tag","embeddable":true,"href":"https:\/\/tvbrazilusa.com\/pt\/wp-json\/wp\/v2\/tags?post=52435"}],"curies":[{"name":"wp","href":"https:\/\/api.w.org\/{rel}","templated":true}]}}