{"id":52447,"date":"2024-10-27T18:53:22","date_gmt":"2024-10-27T18:53:22","guid":{"rendered":"https:\/\/tvbrazilusa.com\/2024\/10\/27\/agentes-de-seguranca-registram-uma-prisao-e-11-detencoes-neste-domingo-de-eleicoes\/"},"modified":"2024-10-27T18:53:23","modified_gmt":"2024-10-27T18:53:23","slug":"agentes-de-seguranca-registram-uma-prisao-e-11-detencoes-neste-domingo-de-eleicoes","status":"publish","type":"post","link":"https:\/\/tvbrazilusa.com\/pt\/2024\/10\/27\/agentes-de-seguranca-registram-uma-prisao-e-11-detencoes-neste-domingo-de-eleicoes\/","title":{"rendered":"Agentes de seguran\u00e7a registram uma pris\u00e3o e 11 deten\u00e7\u00f5es neste domingo de elei\u00e7\u00f5es"},"content":{"rendered":"<p> <script async src=\"https:\/\/pagead2.googlesyndication.com\/pagead\/js\/adsbygoogle.js?client=ca-pub-8864793242727901\"\r\n     crossorigin=\"anonymous\"><\/script><br \/>\n<\/p>\n<div id=\"taboola-read-more\" style=\"display:block; width:100%\">\n<p>At\u00e9 as 10h30 deste domingo, uma presa em flagrante e outras 11 foram detidas por crime eleitoral. Ainda n\u00e3o h\u00e1 informa\u00e7\u00e3o sobre onde os casos foram registrados.\n<\/p>\n<p>Os dados est\u00e3o sendo concentrados pelo Centro Integrado de Comando e Controle Nacional. Segundo o Minist\u00e9rio da Justi\u00e7a e Seguran\u00e7a P\u00fablica, o \u00fanico flagrante realizado at\u00e9 aqui foi por propaganda irregular.<\/p>\n<p>Ao todo, 51 munic\u00edpios passam por segundo turno. A vota\u00e7\u00e3o foi iniciada \u00e0s 8h (hor\u00e1rio de Bras\u00edlia). Em Campo Grande, Cuiab\u00e1, Manaus e Porto Velho, a vota\u00e7\u00e3o vai das 7h \u00e0s 16h, hor\u00e1rio local.\n<\/p>\n<p>Mais de 23 mil agentes da for\u00e7a de seguran\u00e7a trabalham na opera\u00e7\u00e3o do segundo turno das elei\u00e7\u00f5es municipais. Tr\u00eas cidades registram a presen\u00e7a do Ex\u00e9rcito: Fortaleza (CE), Manaus (AM) e Caucaia (CE).\n<\/p>\n<p>Fonte: CNN              <\/p>\n<\/div>\n<p><br \/>\n<br \/><a href=\"https:\/\/diariodobrasilnoticias.com.br\/noticia\/agentes-de-seguranca-registram-uma-prisao-e-11-detencoes-neste-domingo-de-eleicoes-671e571fbe0b2\">Source link <\/a><\/p>","protected":false},"excerpt":{"rendered":"<p>At\u00e9 as 10h30 deste domingo, uma presa em flagrante e outras 11 foram detidas por crime eleitoral. Ainda n\u00e3o h\u00e1 informa\u00e7\u00e3o sobre onde os casos foram registrados. Os dados est\u00e3o&hellip;<\/p>","protected":false},"author":1,"featured_media":52448,"comment_status":"closed","ping_status":"open","sticky":false,"template":"","format":"standard","meta":{"content-type":"","footnotes":""},"categories":[16],"tags":[123,2448,5313,1267],"class_list":["post-52447","post","type-post","status-publish","format-standard","has-post-thumbnail","hentry","category-noticias","tag-brasil","tag-diario","tag-noticia","tag-noticias"],"_links":{"self":[{"href":"https:\/\/tvbrazilusa.com\/pt\/wp-json\/wp\/v2\/posts\/52447","targetHints":{"allow":["GET"]}}],"collection":[{"href":"https:\/\/tvbrazilusa.com\/pt\/wp-json\/wp\/v2\/posts"}],"about":[{"href":"https:\/\/tvbrazilusa.com\/pt\/wp-json\/wp\/v2\/types\/post"}],"author":[{"embeddable":true,"href":"https:\/\/tvbrazilusa.com\/pt\/wp-json\/wp\/v2\/users\/1"}],"replies":[{"embeddable":true,"href":"https:\/\/tvbrazilusa.com\/pt\/wp-json\/wp\/v2\/comments?post=52447"}],"version-history":[{"count":1,"href":"https:\/\/tvbrazilusa.com\/pt\/wp-json\/wp\/v2\/posts\/52447\/revisions"}],"predecessor-version":[{"id":52449,"href":"https:\/\/tvbrazilusa.com\/pt\/wp-json\/wp\/v2\/posts\/52447\/revisions\/52449"}],"wp:featuredmedia":[{"embeddable":true,"href":"https:\/\/tvbrazilusa.com\/pt\/wp-json\/wp\/v2\/media\/52448"}],"wp:attachment":[{"href":"https:\/\/tvbrazilusa.com\/pt\/wp-json\/wp\/v2\/media?parent=52447"}],"wp:term":[{"taxonomy":"category","embeddable":true,"href":"https:\/\/tvbrazilusa.com\/pt\/wp-json\/wp\/v2\/categories?post=52447"},{"taxonomy":"post_tag","embeddable":true,"href":"https:\/\/tvbrazilusa.com\/pt\/wp-json\/wp\/v2\/tags?post=52447"}],"curies":[{"name":"wp","href":"https:\/\/api.w.org\/{rel}","templated":true}]}}