{"id":52465,"date":"2024-10-27T20:12:35","date_gmt":"2024-10-27T20:12:35","guid":{"rendered":"https:\/\/tvbrazilusa.com\/2024\/10\/27\/em-bh-mulher-e-esfaqueda-por-companheira-de-trabalho-motivo-teria-sido-briga-por-limpeza\/"},"modified":"2024-10-27T20:12:37","modified_gmt":"2024-10-27T20:12:37","slug":"em-bh-mulher-e-esfaqueda-por-companheira-de-trabalho-motivo-teria-sido-briga-por-limpeza","status":"publish","type":"post","link":"https:\/\/tvbrazilusa.com\/pt\/2024\/10\/27\/em-bh-mulher-e-esfaqueda-por-companheira-de-trabalho-motivo-teria-sido-briga-por-limpeza\/","title":{"rendered":"Em BH mulher \u00e9 esfaqueda por companheira de trabalho, motivo teria sido briga por limpeza"},"content":{"rendered":"<p> <script async src=\"https:\/\/pagead2.googlesyndication.com\/pagead\/js\/adsbygoogle.js?client=ca-pub-8864793242727901\"\r\n     crossorigin=\"anonymous\"><\/script><br \/>\n<\/p>\n<div id=\"taboola-read-more\" style=\"display:block; width:100%\">\n<p>Uma mulher de 50 anos foi esfaqueada por uma colega de trabalho, ap\u00f3s uma briga iniciada por causa da limpeza da padaria onde s\u00e3o funcion\u00e1rias.\n<\/p>\n<p>O crime aconteceu neste s\u00e1bado, 26, na cidade de Pedro Leopoldo, na Regi\u00e3o Metropolitana de Belo Horizonte (MG).<\/p>\n<p>Uma testemunha contou \u00e0 Pol\u00edcia Militar que as duas come\u00e7aram a discutir sobre quem seria a respons\u00e1vel pela limpeza da padaria. Na briga, a jovem, de 25 anos, se exaltou e amea\u00e7ou a outra mulher, de 50 anos.\n<\/p>\n<p>Exaltada, a jovem buscou uma faca em um bar e retornou \u00e0 padaria para esfaquear a colega, informou a R\u00e1dio Itatiaia. Em seguida, ela fugiu, mas acabou sendo encontrada e presa por policiais.\n<\/p>\n<p>Aos agentes, ela afirmou ter esfaqueado a colega depois de receber ordens para realizar fun\u00e7\u00f5es que n\u00e3o haviam sido pedidas pelo patr\u00e3o, disse a r\u00e1dio.\n<\/p>\n<p>A v\u00edtima foi socorrida pela PM com v\u00e1rias perfura\u00e7\u00f5es pelo corpo. Ela foi levada \u00e0 Unidade de Pronto Atendimento (UPA) de Pedro Leopoldo e, na sequ\u00eancia, precisou ser transferida para o Hospital de Pronto Socorro Jo\u00e3o XXIII, em Belo Horinzonte.\n<\/p>\n<p>Fonte: Terra              <\/p>\n<\/div>\n<p><br \/>\n<br \/><a href=\"https:\/\/diariodobrasilnoticias.com.br\/noticia\/em-bh-mulher-e-esfaqueda-por-companheira-de-trabalho-motivo-teria-sido-briga-por-limpeza-671e617e21e8c\">Source link <\/a><\/p>","protected":false},"excerpt":{"rendered":"<p>Uma mulher de 50 anos foi esfaqueada por uma colega de trabalho, ap\u00f3s uma briga iniciada por causa da limpeza da padaria onde s\u00e3o funcion\u00e1rias. O crime aconteceu neste s\u00e1bado,&hellip;<\/p>","protected":false},"author":1,"featured_media":52466,"comment_status":"closed","ping_status":"open","sticky":false,"template":"","format":"standard","meta":{"content-type":"","footnotes":""},"categories":[16],"tags":[123,2448,5313,1267],"class_list":["post-52465","post","type-post","status-publish","format-standard","has-post-thumbnail","hentry","category-noticias","tag-brasil","tag-diario","tag-noticia","tag-noticias"],"_links":{"self":[{"href":"https:\/\/tvbrazilusa.com\/pt\/wp-json\/wp\/v2\/posts\/52465","targetHints":{"allow":["GET"]}}],"collection":[{"href":"https:\/\/tvbrazilusa.com\/pt\/wp-json\/wp\/v2\/posts"}],"about":[{"href":"https:\/\/tvbrazilusa.com\/pt\/wp-json\/wp\/v2\/types\/post"}],"author":[{"embeddable":true,"href":"https:\/\/tvbrazilusa.com\/pt\/wp-json\/wp\/v2\/users\/1"}],"replies":[{"embeddable":true,"href":"https:\/\/tvbrazilusa.com\/pt\/wp-json\/wp\/v2\/comments?post=52465"}],"version-history":[{"count":1,"href":"https:\/\/tvbrazilusa.com\/pt\/wp-json\/wp\/v2\/posts\/52465\/revisions"}],"predecessor-version":[{"id":52467,"href":"https:\/\/tvbrazilusa.com\/pt\/wp-json\/wp\/v2\/posts\/52465\/revisions\/52467"}],"wp:featuredmedia":[{"embeddable":true,"href":"https:\/\/tvbrazilusa.com\/pt\/wp-json\/wp\/v2\/media\/52466"}],"wp:attachment":[{"href":"https:\/\/tvbrazilusa.com\/pt\/wp-json\/wp\/v2\/media?parent=52465"}],"wp:term":[{"taxonomy":"category","embeddable":true,"href":"https:\/\/tvbrazilusa.com\/pt\/wp-json\/wp\/v2\/categories?post=52465"},{"taxonomy":"post_tag","embeddable":true,"href":"https:\/\/tvbrazilusa.com\/pt\/wp-json\/wp\/v2\/tags?post=52465"}],"curies":[{"name":"wp","href":"https:\/\/api.w.org\/{rel}","templated":true}]}}