{"id":52468,"date":"2024-10-27T20:25:42","date_gmt":"2024-10-27T20:25:42","guid":{"rendered":"https:\/\/tvbrazilusa.com\/2024\/10\/27\/diplomata-brasileiro-acusado-de-assedio-ganhou-um-novo-cargo-e-passou-a-ganhar-r-100-mil\/"},"modified":"2024-10-27T20:25:43","modified_gmt":"2024-10-27T20:25:43","slug":"diplomata-brasileiro-acusado-de-assedio-ganhou-um-novo-cargo-e-passou-a-ganhar-r-100-mil","status":"publish","type":"post","link":"https:\/\/tvbrazilusa.com\/pt\/2024\/10\/27\/diplomata-brasileiro-acusado-de-assedio-ganhou-um-novo-cargo-e-passou-a-ganhar-r-100-mil\/","title":{"rendered":"Diplomata brasileiro acusado de ass\u00e9dio ganhou um novo cargo e passou a ganhar R$ 100 mil"},"content":{"rendered":"<p> <script async src=\"https:\/\/pagead2.googlesyndication.com\/pagead\/js\/adsbygoogle.js?client=ca-pub-8864793242727901\"\r\n     crossorigin=\"anonymous\"><\/script><br \/>\n<\/p>\n<div id=\"taboola-read-more\" style=\"display:block; width:100%\">\n<p>O diplomata brasileiro Rubem Mendes de Oliveira trabalhou na Embaixada do Brasil em Cairo, no Egito, at\u00e9 fevereiro de 2022. Ele \u00e9 acusado de ter assediado uma eg\u00edpcia.\n<\/p>\n<p>De acordo com a coluna de T\u00e1cio Lorran, do Metr\u00f3poles, de onde s\u00e3o as informa\u00e7\u00f5es, Rubem admitiu que beijou a boca de uma jovem que trabalhava na embaixada. A mulher n\u00e3o consentiu o ato e denunciou o diplomata.<\/p>\n<p>Na \u00e9poca do ocorrido, Rubem se preparava para assumir o cargo de conselheiro da embaixada brasileira em Porto Pr\u00edncipe, no Haiti.\n<\/p>\n<p>O brasileiro, mais tarde, se disse \u201carrependido\u201d. No entanto, ele n\u00e3o foi expulso.\n<\/p>\n<p>Apesar de a legisla\u00e7\u00e3o brasileira prever a demiss\u00e3o do servidor p\u00fablico em caso de \u201cconduta escandalosa\u201d, Rubem pagou uma multa e seguiu como diplomata do Itamaraty.\n<\/p>\n<p>Atualmente, ele trabalha na Embaixada do Brasil em Berna, na Su\u00ed\u00e7a, e ganha quase R$ 100 mil por m\u00eas.\n<\/p>\n<p>O Itamaraty disse, em nota, que a ocupa\u00e7\u00e3o dos cargos de chefia pelo diplomata n\u00e3o se relaciona a uma promo\u00e7\u00e3o.\n<\/p>\n<p>\u2013 As fun\u00e7\u00f5es que ocupou e que ocupa atualmente s\u00e3o fun\u00e7\u00f5es compat\u00edveis com o seu n\u00edvel hier\u00e1rquico. O referido servidor \u00e9 conselheiro da carreira de diplomata desde 2014, n\u00e3o tendo recebido nenhuma promo\u00e7\u00e3o no \u00e2mbito da carreira desde ent\u00e3o.\n<\/p>\n<p>O advogado de Rubem disse que seu cliente n\u00e3o vai se pronunciar.\n<\/p>\n<p>Fonte: Pleno.News              <\/p>\n<\/div>\n<p><br \/>\n<br \/><a href=\"https:\/\/diariodobrasilnoticias.com.br\/noticia\/diplomata-brasileiro-acusado-de-assedio-ganhou-um-novo-cargo-e-passou-a-ganhar-r-100-mil-671e6487318c4\">Source link <\/a><\/p>","protected":false},"excerpt":{"rendered":"<p>O diplomata brasileiro Rubem Mendes de Oliveira trabalhou na Embaixada do Brasil em Cairo, no Egito, at\u00e9 fevereiro de 2022. Ele \u00e9 acusado de ter assediado uma eg\u00edpcia. De acordo&hellip;<\/p>","protected":false},"author":1,"featured_media":52469,"comment_status":"closed","ping_status":"open","sticky":false,"template":"","format":"standard","meta":{"content-type":"","footnotes":""},"categories":[16],"tags":[123,2448,5313,1267],"class_list":["post-52468","post","type-post","status-publish","format-standard","has-post-thumbnail","hentry","category-noticias","tag-brasil","tag-diario","tag-noticia","tag-noticias"],"_links":{"self":[{"href":"https:\/\/tvbrazilusa.com\/pt\/wp-json\/wp\/v2\/posts\/52468","targetHints":{"allow":["GET"]}}],"collection":[{"href":"https:\/\/tvbrazilusa.com\/pt\/wp-json\/wp\/v2\/posts"}],"about":[{"href":"https:\/\/tvbrazilusa.com\/pt\/wp-json\/wp\/v2\/types\/post"}],"author":[{"embeddable":true,"href":"https:\/\/tvbrazilusa.com\/pt\/wp-json\/wp\/v2\/users\/1"}],"replies":[{"embeddable":true,"href":"https:\/\/tvbrazilusa.com\/pt\/wp-json\/wp\/v2\/comments?post=52468"}],"version-history":[{"count":1,"href":"https:\/\/tvbrazilusa.com\/pt\/wp-json\/wp\/v2\/posts\/52468\/revisions"}],"predecessor-version":[{"id":52470,"href":"https:\/\/tvbrazilusa.com\/pt\/wp-json\/wp\/v2\/posts\/52468\/revisions\/52470"}],"wp:featuredmedia":[{"embeddable":true,"href":"https:\/\/tvbrazilusa.com\/pt\/wp-json\/wp\/v2\/media\/52469"}],"wp:attachment":[{"href":"https:\/\/tvbrazilusa.com\/pt\/wp-json\/wp\/v2\/media?parent=52468"}],"wp:term":[{"taxonomy":"category","embeddable":true,"href":"https:\/\/tvbrazilusa.com\/pt\/wp-json\/wp\/v2\/categories?post=52468"},{"taxonomy":"post_tag","embeddable":true,"href":"https:\/\/tvbrazilusa.com\/pt\/wp-json\/wp\/v2\/tags?post=52468"}],"curies":[{"name":"wp","href":"https:\/\/api.w.org\/{rel}","templated":true}]}}