{"id":52477,"date":"2024-10-27T20:57:08","date_gmt":"2024-10-27T20:57:08","guid":{"rendered":"https:\/\/tvbrazilusa.com\/2024\/10\/27\/governador-de-sp-tarcisio-de-freitas-diz-que-o-pcc-orientou-voto-em-boulos\/"},"modified":"2024-10-27T20:57:09","modified_gmt":"2024-10-27T20:57:09","slug":"governador-de-sp-tarcisio-de-freitas-diz-que-o-pcc-orientou-voto-em-boulos","status":"publish","type":"post","link":"https:\/\/tvbrazilusa.com\/pt\/2024\/10\/27\/governador-de-sp-tarcisio-de-freitas-diz-que-o-pcc-orientou-voto-em-boulos\/","title":{"rendered":"Governador de SP, Tarc\u00edsio de Freitas, diz que o PCC orientou voto em Boulos"},"content":{"rendered":"<p> <script async src=\"https:\/\/pagead2.googlesyndication.com\/pagead\/js\/adsbygoogle.js?client=ca-pub-8864793242727901\"\r\n     crossorigin=\"anonymous\"><\/script><br \/>\n<\/p>\n<div id=\"taboola-read-more\" style=\"display:block; width:100%\">\n<p>O governador Tarc\u00edsio de Freitas (Republicanos) afirmou que integrantes do PCC (Primeiro Comando da Capital) orientaram familiares e apoiadores a votarem em Guilherme Boulos (PSOL) para prefeito em S\u00e3o Paulo.\n<\/p>\n<p>A declara\u00e7\u00e3o foi dada a jornalistas no col\u00e9gio Miguel Cervantes, na zona sul, local de vota\u00e7\u00e3o do governador.<\/p>\n<p>Tarc\u00edsio foi questionado por uma jornalista sobre um comunicado emitido pela SAP (Secretaria de Administra\u00e7\u00e3o Penitenci\u00e1ria) de S\u00e3o Paulo, que interceptou comunicados assinados por membros da fac\u00e7\u00e3o criminosa orientando o voto em algumas cidades do estado.\n<\/p>\n<p>\u201cA gente vem alertando isso h\u00e1 muito tempo. N\u00f3s fizemos um trabalho grande de intelig\u00eancia, temos trocado informa\u00e7\u00f5es com o Tribunal Regional Eleitoral para que provid\u00eancias sejam tomadas\u201d, afirmou.\n<\/p>\n<p>Em seguida, o governador foi questionado pela Folha sobre qual era o candidato indicado pelo PCC em S\u00e3o Paulo, ao que Tarc\u00edsio respondeu: \u201cBoulos\u201d.\n<\/p>\n<p>Segundo Tarc\u00edsio, as cidades do estado que t\u00eam segundo turno est\u00e3o contando com uma grande mobiliza\u00e7\u00e3o policial neste domingo (27). O governador disse tamb\u00e9m que, at\u00e9 o momento, as elei\u00e7\u00f5es est\u00e3o ocorrendo de forma tranquila e cumprimentou o TRE-SP pelo trabalho.\n<\/p>\n<p>Sobre o resultado das elei\u00e7\u00f5es em S\u00e3o Paulo, o principal cabo eleitoral de Nunes disse estar otimista. \u201cAs pesquisas t\u00eam mostrado uma grande vantagem do Ricardo, e n\u00f3s trabalhamos muito nesse per\u00edodo para mostrarmos o projeto que temos para S\u00e3o Paulo e as realiza\u00e7\u00f5es\u201d, disse.\n<\/p>\n<p>\u00c0 Folha, o governador ainda disse que considerou a campanha de 2024, na qual atuou como apoiador, mais dif\u00edcil do que a de 2022, quando foi candidato ao governo.\n<\/p>\n<p>Folhapress\n<\/p>\n<p>Fonte: Blog do BG              <\/p>\n<\/div>\n<p><br \/>\n<br \/><a href=\"https:\/\/diariodobrasilnoticias.com.br\/noticia\/governador-de-sp-tarcisio-de-freitas-diz-que-o-pcc-orientou-voto-em-boulos-671e6a96e5690\">Source link <\/a><\/p>","protected":false},"excerpt":{"rendered":"<p>O governador Tarc\u00edsio de Freitas (Republicanos) afirmou que integrantes do PCC (Primeiro Comando da Capital) orientaram familiares e apoiadores a votarem em Guilherme Boulos (PSOL) para prefeito em S\u00e3o Paulo.&hellip;<\/p>","protected":false},"author":1,"featured_media":52478,"comment_status":"closed","ping_status":"open","sticky":false,"template":"","format":"standard","meta":{"content-type":"","footnotes":""},"categories":[16],"tags":[123,2448,5313,1267],"class_list":["post-52477","post","type-post","status-publish","format-standard","has-post-thumbnail","hentry","category-noticias","tag-brasil","tag-diario","tag-noticia","tag-noticias"],"_links":{"self":[{"href":"https:\/\/tvbrazilusa.com\/pt\/wp-json\/wp\/v2\/posts\/52477","targetHints":{"allow":["GET"]}}],"collection":[{"href":"https:\/\/tvbrazilusa.com\/pt\/wp-json\/wp\/v2\/posts"}],"about":[{"href":"https:\/\/tvbrazilusa.com\/pt\/wp-json\/wp\/v2\/types\/post"}],"author":[{"embeddable":true,"href":"https:\/\/tvbrazilusa.com\/pt\/wp-json\/wp\/v2\/users\/1"}],"replies":[{"embeddable":true,"href":"https:\/\/tvbrazilusa.com\/pt\/wp-json\/wp\/v2\/comments?post=52477"}],"version-history":[{"count":1,"href":"https:\/\/tvbrazilusa.com\/pt\/wp-json\/wp\/v2\/posts\/52477\/revisions"}],"predecessor-version":[{"id":52479,"href":"https:\/\/tvbrazilusa.com\/pt\/wp-json\/wp\/v2\/posts\/52477\/revisions\/52479"}],"wp:featuredmedia":[{"embeddable":true,"href":"https:\/\/tvbrazilusa.com\/pt\/wp-json\/wp\/v2\/media\/52478"}],"wp:attachment":[{"href":"https:\/\/tvbrazilusa.com\/pt\/wp-json\/wp\/v2\/media?parent=52477"}],"wp:term":[{"taxonomy":"category","embeddable":true,"href":"https:\/\/tvbrazilusa.com\/pt\/wp-json\/wp\/v2\/categories?post=52477"},{"taxonomy":"post_tag","embeddable":true,"href":"https:\/\/tvbrazilusa.com\/pt\/wp-json\/wp\/v2\/tags?post=52477"}],"curies":[{"name":"wp","href":"https:\/\/api.w.org\/{rel}","templated":true}]}}