{"id":52509,"date":"2024-10-27T23:13:19","date_gmt":"2024-10-27T23:13:19","guid":{"rendered":"https:\/\/tvbrazilusa.com\/2024\/10\/27\/secretario-nacional-de-seguranca-publica-diz-nao-e-so-crime-organizado-e-mafia-sobre-a-atuacao-das-faccoes-nas-eleicoes-de-2024\/"},"modified":"2024-10-27T23:13:20","modified_gmt":"2024-10-27T23:13:20","slug":"secretario-nacional-de-seguranca-publica-diz-nao-e-so-crime-organizado-e-mafia-sobre-a-atuacao-das-faccoes-nas-eleicoes-de-2024","status":"publish","type":"post","link":"https:\/\/tvbrazilusa.com\/pt\/2024\/10\/27\/secretario-nacional-de-seguranca-publica-diz-nao-e-so-crime-organizado-e-mafia-sobre-a-atuacao-das-faccoes-nas-eleicoes-de-2024\/","title":{"rendered":"Secret\u00e1rio Nacional de Seguran\u00e7a P\u00fablica diz: &#8216;N\u00e3o \u00e9 s\u00f3 crime organizado, \u00e9 m\u00e1fia&#8217;, sobre a atua\u00e7\u00e3o das fac\u00e7\u00f5es nas elei\u00e7\u00f5es de 2024"},"content":{"rendered":"<p> <script async src=\"https:\/\/pagead2.googlesyndication.com\/pagead\/js\/adsbygoogle.js?client=ca-pub-8864793242727901\"\r\n     crossorigin=\"anonymous\"><\/script><br \/>\n<\/p>\n<div id=\"taboola-read-more\" style=\"display:block; width:100%\">\n<p>Com atentados \u00e0 bala contra candidatos e recorde na apreens\u00e3o de dinheiro vivo durante as elei\u00e7\u00f5es de 2024, o Minist\u00e9rio da Justi\u00e7a avalia que as fac\u00e7\u00f5es criminosas j\u00e1 avan\u00e7aram para um n\u00edvel de m\u00e1fia no Brasil. Este \u00e9 o diagn\u00f3stico feito pelo secret\u00e1rio nacional de Seguran\u00e7a P\u00fablica, Mario Luiz Sarrubbo, que criou um grupo de trabalho na pasta para propor um conjunto de leis antim\u00e1fia.\n<\/p>\n<p>\u2014 N\u00e3o \u00e9 s\u00f3 crime organizado, \u00e9 atua\u00e7\u00e3o de m\u00e1fia. (A\u00e7\u00f5es criminosas durante as elei\u00e7\u00f5es) s\u00e3o a comprova\u00e7\u00e3o do diagn\u00f3stico que n\u00f3s fizemos. Est\u00e1 muito claro que h\u00e1 articula\u00e7\u00f5es do crime com o mundo privado e que eles est\u00e3o procurando construir liga\u00e7\u00f5es com o mundo p\u00fablico \u2014 disse Sarrubbo ao jornal O Globo.<\/p>\n<p>O pa\u00eds teve um aumento de 130% nos casos de viol\u00eancia pol\u00edtica durante as elei\u00e7\u00f5es deste ano em compara\u00e7\u00e3o com o pleito de 2020. Os dados s\u00e3o de uma pesquisa feita pelas organiza\u00e7\u00f5es Terra de Direitos e Justi\u00e7a Global. Entre os registros, h\u00e1 o epis\u00f3dio do candidato a prefeito de Tabo\u00e3o da Serra (SP) que foi baleado no ombro e uma candidata a vereadora do Rio que teve o carro cravejado a tiros. Al\u00e9m disso, conforme informa\u00e7\u00f5es da Pol\u00edcia Federal, foi apreendido um volume recorde de dinheiro em esp\u00e9cie (R$ 23,3 milh\u00f5es) em investiga\u00e7\u00f5es sobre corrup\u00e7\u00e3o eleitoral e compra de votos \u2014 isso representa quinze vezes mais do que o valor confiscado na \u00faltima elei\u00e7\u00e3o municipal, em 2020.\n<\/p>\n<p>Diante desse cen\u00e1rio, o secret\u00e1rio respons\u00e1vel pela \u00e1rea de seguran\u00e7a p\u00fablica no governo federal afirmou que \u00e9 precisar construir uma \u201crea\u00e7\u00e3o\u201d a n\u00edvel nacional.\n<\/p>\n<p>\u2014 N\u00f3s temos que reagir \u00e0 altura. Por isso, estamos trabalhando no campo legislativo. Mas \u00e9 preciso sair do lugar comum de aumentar a pena. A ideia \u00e9 ser muito mais consistente e efetivo em medidas cautelares, como abreviar procedimentos para a perda de bens dos criminosos \u2014 afirmou ele.\n<\/p>\n<p>Sarrubbo defende que a\u00e7\u00f5es na Justi\u00e7a sejam \u201cdesburocratizadas\u201d para evitar que os pertences apreendidos de fac\u00e7\u00f5es sejam devolvidos ou que criminosos saiam pela porta da frente da cadeia por brechas na legisla\u00e7\u00e3o. \u00c9 o que aconteceu com o suposto chefe do Primeiro Comando da Capital (PCC) Andr\u00e9 Oliveira Macedo, o Andr\u00e9 do Rap. Ele foi libertado por uma decis\u00e3o do Supremo Tribunal Federal (STF) em 2020, teve nova pris\u00e3o decretada em seguida e desde ent\u00e3o est\u00e1 foragido. No ano passado, o Superior Tribunal de Justi\u00e7a (STJ) mandou a pol\u00edcia paulista devolver um helic\u00f3ptero de R$ 7,2 milh\u00f5es que supostamente pertencia \u00e0 quadrilha de Andr\u00e9 do Rap, segundo as investiga\u00e7\u00f5es.\n<\/p>\n<p>O Globo\n<\/p>\n<p>Fonte: Blog do BG              <\/p>\n<\/div>\n<p><br \/>\n<br \/><a href=\"https:\/\/diariodobrasilnoticias.com.br\/noticia\/secretario-nacional-de-seguranca-publica-diz-nao-e-so-crime-organizado-e-mafia-sobre-a-atuacao-das-faccoes-nas-eleicoes-de-2024-671e75ad44d8b\">Source link <\/a><\/p>","protected":false},"excerpt":{"rendered":"<p>Com atentados \u00e0 bala contra candidatos e recorde na apreens\u00e3o de dinheiro vivo durante as elei\u00e7\u00f5es de 2024, o Minist\u00e9rio da Justi\u00e7a avalia que as fac\u00e7\u00f5es criminosas j\u00e1 avan\u00e7aram para&hellip;<\/p>","protected":false},"author":1,"featured_media":52510,"comment_status":"closed","ping_status":"open","sticky":false,"template":"","format":"standard","meta":{"content-type":"","footnotes":""},"categories":[16],"tags":[123,2448,5313,1267],"class_list":["post-52509","post","type-post","status-publish","format-standard","has-post-thumbnail","hentry","category-noticias","tag-brasil","tag-diario","tag-noticia","tag-noticias"],"_links":{"self":[{"href":"https:\/\/tvbrazilusa.com\/pt\/wp-json\/wp\/v2\/posts\/52509","targetHints":{"allow":["GET"]}}],"collection":[{"href":"https:\/\/tvbrazilusa.com\/pt\/wp-json\/wp\/v2\/posts"}],"about":[{"href":"https:\/\/tvbrazilusa.com\/pt\/wp-json\/wp\/v2\/types\/post"}],"author":[{"embeddable":true,"href":"https:\/\/tvbrazilusa.com\/pt\/wp-json\/wp\/v2\/users\/1"}],"replies":[{"embeddable":true,"href":"https:\/\/tvbrazilusa.com\/pt\/wp-json\/wp\/v2\/comments?post=52509"}],"version-history":[{"count":1,"href":"https:\/\/tvbrazilusa.com\/pt\/wp-json\/wp\/v2\/posts\/52509\/revisions"}],"predecessor-version":[{"id":52511,"href":"https:\/\/tvbrazilusa.com\/pt\/wp-json\/wp\/v2\/posts\/52509\/revisions\/52511"}],"wp:featuredmedia":[{"embeddable":true,"href":"https:\/\/tvbrazilusa.com\/pt\/wp-json\/wp\/v2\/media\/52510"}],"wp:attachment":[{"href":"https:\/\/tvbrazilusa.com\/pt\/wp-json\/wp\/v2\/media?parent=52509"}],"wp:term":[{"taxonomy":"category","embeddable":true,"href":"https:\/\/tvbrazilusa.com\/pt\/wp-json\/wp\/v2\/categories?post=52509"},{"taxonomy":"post_tag","embeddable":true,"href":"https:\/\/tvbrazilusa.com\/pt\/wp-json\/wp\/v2\/tags?post=52509"}],"curies":[{"name":"wp","href":"https:\/\/api.w.org\/{rel}","templated":true}]}}